{"id":938172,"date":"2025-03-03T15:19:50","date_gmt":"2025-03-03T15:19:50","guid":{"rendered":"https:\/\/dimensionturistica.com\/es\/?p=938172"},"modified":"2025-03-03T15:19:50","modified_gmt":"2025-03-03T15:19:50","slug":"la-reunion-de-las-gabriellas-en-la-fiesta-de-los-oscar-de-vanity-fair-2025","status":"publish","type":"post","link":"https:\/\/dimensionturistica.com\/es\/la-reunion-de-las-gabriellas-en-la-fiesta-de-los-oscar-de-vanity-fair-2025\/","title":{"rendered":"La Reuni\u00f3n de las Gabriellas en la Fiesta de los Oscar de Vanity Fair 2025"},"content":{"rendered":"<h3>Las Gabriellas: Un Encuentro de Estilo y Glamour en la Gala de los \u00d3scar 2025<\/h3>\n<p>En un resplandeciente domingo de marzo, la Gala de los \u00d3scar 2025 no fue solamente una celebraci\u00f3n del cine; se convirti\u00f3 en un punto de encuentro donde el estilo y la creatividad se unieron para dar vida a una de las noches m\u00e1s memorables de Hollywood. Entre los invitados m\u00e1s destacados, un grupo de amigas conocidas por su elegancia y especial conexi\u00f3n personal acapar\u00f3 todas las miradas: las Gabriellas. Este c\u00edrculo de mujeres, compuesto por algunas de las figuras m\u00e1s influyentes de la moda y el entretenimiento, se reuni\u00f3 para compartir su amor por el arte, la belleza y, por supuesto, el glamour.<\/p>\n<p>El elegante evento, organizado por Vanity Fair, se desarroll\u00f3 en un entorno digno de una pel\u00edcula, donde cada rinc\u00f3n estaba decorado con un exquisito gusto. Las luces brillantes reflejaban los trajes deslumbrantes de las asistentes, creando un mar de colores y texturas que celebraban la diversidad y la originalidad del dise\u00f1o contempor\u00e1neo. Las Gabriellas, con su habilidad \u00fanica para combinar elementos cl\u00e1sicos y modernos, se convirtieron en las verdaderas protagonistas de la velada.<\/p>\n<p>Cada una de las mujeres que conformaban este grupo ic\u00f3nico tra\u00eda consigo una historia \u00fanica. Desde dise\u00f1adores de renombre hasta actrices galardonadas, juntas encarnaban la esencia de la amistad en su forma m\u00e1s pura. En medio de risas, abrazos y an\u00e9cdotas, se sinti\u00f3 el esp\u00edritu de camarader\u00eda que las un\u00eda, mientras recordaban los momentos trascendentales que hab\u00edan compartido a lo largo de los a\u00f1os.<\/p>\n<p>Un aspecto destacado de la reuni\u00f3n fue, sin duda, la moda. Las Gabriellas destacaron no solo por sus elecciones de vestuario, sino tambi\u00e9n por la forma en que utilizaron la pasarela como un lienzo de autoexpresi\u00f3n. Cada atuendo contaba una historia, desde vestidos que evocaban \u00e9pocas pasadas hasta creaciones vanguardistas que desafiaban las normas establecidas. Este encuentro no solo celebr\u00f3 a las figuras consolidadas del cine y la moda, sino que tambi\u00e9n lanz\u00f3 un mensaje claro a las nuevas generaciones: el estilo es una extensi\u00f3n del ser y una forma poderosa de comunicaci\u00f3n.<\/p>\n<p>En una era en la que el activismo y la sostenibilidad son temas cruciales, las Gabriellas tambi\u00e9n abrieron el di\u00e1logo sobre la responsabilidad social dentro de la industria de la moda. Algunas de ellas compartieron su compromiso con pr\u00e1cticas \u00e9ticas y sostenibles, alentando a los asistentes a reflexionar sobre el impacto que sus decisiones pueden tener en el mundo.<\/p>\n<p>La Gala de los \u00d3scar 2025 no fue simplemente una serie de premios entregados ni una pasarela de celebridades. Fue un evento que defini\u00f3 tendencias y estrech\u00f3 v\u00ednculos, y el reencuentro de las Gabriellas encapsul\u00f3 todo esto en su forma m\u00e1s pura. Las risas compartidas y los abrazos sinceros recordaron a todos los presentes que, m\u00e1s all\u00e1 del brillo y la fama, lo que realmente importa son las conexiones que forjamos.<\/p>\n<p>Al final de la noche, mientras las luces de la alfombra roja se apagaban, las Gabriellas dejaron una huella imborrable en cada coraz\u00f3n presente. Con sus historias entrelazadas y su inigualable sentido del estilo, relataron una narrativa de amistad, empoderamiento y, sobre todo, amor. Sin duda, este encuentro quedar\u00e1 grabado en la memoria de quienes tuvieron la fortuna de ser testigos del esplendor de estos momentos compartidos, un recordatorio de que, al final del d\u00eda, la verdadera belleza radica en las relaciones que cultivamos a lo largo del tiempo.<\/p>\n<p><em> &#8221; Sources www.vogue.com &#8221; <\/em><\/p>\n<p><em> &#8221; Fuentes www.vogue.com &#8221; <\/em><\/p>\n","protected":false},"excerpt":{"rendered":"<p>Las Gabriellas: Un Encuentro de Estilo y Glamour en la Gala de los \u00d3scar 2025 En un resplandeciente domingo de marzo, la Gala de los \u00d3scar 2025 no fue solamente una celebraci\u00f3n del cine; se convirti\u00f3 en un punto de encuentro donde el estilo y la creatividad se unieron para dar vida a una de [&hellip;]<\/p>\n","protected":false},"author":4,"featured_media":938173,"comment_status":"open","ping_status":"closed","sticky":false,"template":"","format":"standard","meta":{"om_disable_all_campaigns":false,"jnews-multi-image_gallery":[],"jnews_single_post":[],"jnews_primary_category":[],"jnews_social_meta":[],"footnotes":""},"categories":[144872],"tags":[27305,47,225,70213,212096,92365,202913,47051,165,7976,210710],"class_list":["post-938172","post","type-post","status-publish","format-standard","has-post-thumbnail","hentry","category-fashion","tag-27305","tag-celebrities","tag-entertainment","tag-event","tag-gabriellas","tag-oscars","tag-oscars-2025","tag-party","tag-red-carpet","tag-reunion","tag-vanity-fair"],"_links":{"self":[{"href":"https:\/\/dimensionturistica.com\/es\/wp-json\/wp\/v2\/posts\/938172","targetHints":{"allow":["GET"]}}],"collection":[{"href":"https:\/\/dimensionturistica.com\/es\/wp-json\/wp\/v2\/posts"}],"about":[{"href":"https:\/\/dimensionturistica.com\/es\/wp-json\/wp\/v2\/types\/post"}],"author":[{"embeddable":true,"href":"https:\/\/dimensionturistica.com\/es\/wp-json\/wp\/v2\/users\/4"}],"replies":[{"embeddable":true,"href":"https:\/\/dimensionturistica.com\/es\/wp-json\/wp\/v2\/comments?post=938172"}],"version-history":[{"count":0,"href":"https:\/\/dimensionturistica.com\/es\/wp-json\/wp\/v2\/posts\/938172\/revisions"}],"wp:featuredmedia":[{"embeddable":true,"href":"https:\/\/dimensionturistica.com\/es\/wp-json\/wp\/v2\/media\/938173"}],"wp:attachment":[{"href":"https:\/\/dimensionturistica.com\/es\/wp-json\/wp\/v2\/media?parent=938172"}],"wp:term":[{"taxonomy":"category","embeddable":true,"href":"https:\/\/dimensionturistica.com\/es\/wp-json\/wp\/v2\/categories?post=938172"},{"taxonomy":"post_tag","embeddable":true,"href":"https:\/\/dimensionturistica.com\/es\/wp-json\/wp\/v2\/tags?post=938172"}],"curies":[{"name":"wp","href":"https:\/\/api.w.org\/{rel}","templated":true}]}}