{"id":937612,"date":"2025-03-02T15:12:49","date_gmt":"2025-03-02T15:12:49","guid":{"rendered":"https:\/\/dimensionturistica.com\/es\/?p=937612"},"modified":"2025-03-02T15:12:49","modified_gmt":"2025-03-02T15:12:49","slug":"reflexiones-sobre-la-carrera-hacia-el-oscar-2025-el-verdadero-valor-de-una-pelicula-radica-en-el-proceso-creativo-no-en-el-galardon-final","status":"publish","type":"post","link":"https:\/\/dimensionturistica.com\/es\/reflexiones-sobre-la-carrera-hacia-el-oscar-2025-el-verdadero-valor-de-una-pelicula-radica-en-el-proceso-creativo-no-en-el-galardon-final\/","title":{"rendered":"Reflexiones sobre la carrera hacia el Oscar 2025: &#8216;El verdadero valor de una pel\u00edcula radica en el proceso creativo, no en el galard\u00f3n final&#8217;"},"content":{"rendered":"<p><strong>Descubriendo la Nueva Era de la Moda Sostenible: Una Visi\u00f3n desde la Perspectiva de un L\u00edder Vanguardista<\/strong><\/p>\n<p>En un mundo donde la moda y la sostenibilidad caminan de la mano, nace un enfoque renovado hacia la industria que desaf\u00eda los c\u00e1nones tradicionales. Nos aventuramos a explorar c\u00f3mo nuevas organizaciones y voces emergentes est\u00e1n redefiniendo el futuro del estilo, fusionando creatividad con responsabilidad ambiental.<\/p>\n<p>La revoluci\u00f3n de la moda sostenible no es solo una tendencia pasajera; es un movimiento que busca conciencia y autenticidad en cada prenda. En este contexto, se alzan figuras clave que destacan por su visi\u00f3n e innovaci\u00f3n, marcando el rumbo hacia pr\u00e1cticas m\u00e1s responsables. La moda ya no es solo un escaparate de lujo; se ha convertido en un medio para expresar valores y estilos de vida m\u00e1s sostenibles.<\/p>\n<p>Un aspecto fundamental de esta transformaci\u00f3n es entender el proceso de producci\u00f3n. Cada vez m\u00e1s dise\u00f1adores se enfocan en m\u00e9todos que minimizan el desperdicio, optando por tejidos org\u00e1nicos y reciclados, as\u00ed como t\u00e9cnicas de producci\u00f3n locales que reducen la huella de carbono. Este giro hacia la sostenibilidad no solo se traduce en una moda m\u00e1s \u00e9tica, sino tambi\u00e9n en la creaci\u00f3n de empleos y el fortalecimiento de comunidades.<\/p>\n<p>La moda sostenible, sin embargo, no se trata solo de reducir el impacto ambiental. Tambi\u00e9n implica una profunda reevaluaci\u00f3n de nuestras relaciones con los objetos que usamos. La idea de vestirse no debe basarse \u00fanicamente en la adquisici\u00f3n constante de nuevas prendas. Las marcas est\u00e1n empezando a incentivar la durabilidad y la atemporalidad, fomentando una mentalidad de \u201cmenos es m\u00e1s\u201d. Este enfoque invita a los consumidores a valorar la calidad sobre la cantidad, eligiendo piezas ic\u00f3nicas que perduren m\u00e1s all\u00e1 de las temporadas.<\/p>\n<p>En este nuevo paradigma, la digitalizaci\u00f3n juega un papel crucial. Las pasarelas presenciales est\u00e1n siendo complementadas con plataformas virtuales que no solo democratizan el acceso a la moda, sino que tambi\u00e9n permiten una comunicaci\u00f3n directa entre marcas y consumidores. Esta cercan\u00eda facilita un di\u00e1logo abierto acerca de la procedencia de los productos, sus materiales y las personas detr\u00e1s de ellos, estableciendo una conexi\u00f3n m\u00e1s profunda entre las marcas y sus seguidores.<\/p>\n<p>El cambio en la industria tambi\u00e9n est\u00e1 siendo impulsado por un deseo de inclusi\u00f3n. La diversidad est\u00e1 tomando protagonismo, llevando consigo una representaci\u00f3n m\u00e1s justa de diferentes culturas, g\u00e9neros y cuerpos. Esta evoluci\u00f3n no solo enriquece la narrativa de la moda, sino que tambi\u00e9n abre las puertas a la creatividad, dando la bienvenida a una variedad de voces que han sido hist\u00f3ricamente silenciadas.<\/p>\n<p>En conclusi\u00f3n, el futuro de la moda es brillante y prometedor, guiado por la \u00e9tica y la sostenibilidad. A medida que esta revoluci\u00f3n sigue avanzando, es fundamental que tanto consumidores como creadores se mantengan informados y comprometidos con un estilo de vida que celebre no solo la est\u00e9tica, sino tambi\u00e9n el respeto hacia nuestro planeta. Este es un llamado a todos: abracemos esta era de cambio, donde cada elecci\u00f3n de moda puede ser un acto de amor hacia el mundo y hacia nosotros mismos.<\/p>\n<p><em> &#8221; Sources www.vogue.mx &#8221; <\/em><\/p>\n<p><em> &#8221; Fuentes www.vogue.mx &#8221; <\/em><\/p>\n","protected":false},"excerpt":{"rendered":"<p>Descubriendo la Nueva Era de la Moda Sostenible: Una Visi\u00f3n desde la Perspectiva de un L\u00edder Vanguardista En un mundo donde la moda y la sostenibilidad caminan de la mano, nace un enfoque renovado hacia la industria que desaf\u00eda los c\u00e1nones tradicionales. Nos aventuramos a explorar c\u00f3mo nuevas organizaciones y voces emergentes est\u00e1n redefiniendo el [&hellip;]<\/p>\n","protected":false},"author":4,"featured_media":937613,"comment_status":"open","ping_status":"closed","sticky":false,"template":"","format":"standard","meta":{"om_disable_all_campaigns":false,"jnews-multi-image_gallery":[],"jnews_single_post":[],"jnews_primary_category":[],"jnews_social_meta":[],"footnotes":""},"categories":[144872],"tags":[875,181338,1918,208570,206830,208991,2411,11643,19907],"class_list":["post-937612","post","type-post","status-publish","format-standard","has-post-thumbnail","hentry","category-fashion","tag-cine","tag-contienda","tag-declaracion","tag-fernanda-torres","tag-industria-del-cine","tag-oscar-2025","tag-peliculas","tag-premiacion","tag-premios-oscar"],"_links":{"self":[{"href":"https:\/\/dimensionturistica.com\/es\/wp-json\/wp\/v2\/posts\/937612","targetHints":{"allow":["GET"]}}],"collection":[{"href":"https:\/\/dimensionturistica.com\/es\/wp-json\/wp\/v2\/posts"}],"about":[{"href":"https:\/\/dimensionturistica.com\/es\/wp-json\/wp\/v2\/types\/post"}],"author":[{"embeddable":true,"href":"https:\/\/dimensionturistica.com\/es\/wp-json\/wp\/v2\/users\/4"}],"replies":[{"embeddable":true,"href":"https:\/\/dimensionturistica.com\/es\/wp-json\/wp\/v2\/comments?post=937612"}],"version-history":[{"count":0,"href":"https:\/\/dimensionturistica.com\/es\/wp-json\/wp\/v2\/posts\/937612\/revisions"}],"wp:featuredmedia":[{"embeddable":true,"href":"https:\/\/dimensionturistica.com\/es\/wp-json\/wp\/v2\/media\/937613"}],"wp:attachment":[{"href":"https:\/\/dimensionturistica.com\/es\/wp-json\/wp\/v2\/media?parent=937612"}],"wp:term":[{"taxonomy":"category","embeddable":true,"href":"https:\/\/dimensionturistica.com\/es\/wp-json\/wp\/v2\/categories?post=937612"},{"taxonomy":"post_tag","embeddable":true,"href":"https:\/\/dimensionturistica.com\/es\/wp-json\/wp\/v2\/tags?post=937612"}],"curies":[{"name":"wp","href":"https:\/\/api.w.org\/{rel}","templated":true}]}}