{"id":93703,"date":"2021-03-10T17:27:10","date_gmt":"2021-03-10T17:27:10","guid":{"rendered":"https:\/\/dimensionturistica.com\/es\/?p=93703"},"modified":"2021-03-10T17:27:11","modified_gmt":"2021-03-10T17:27:11","slug":"liberan-crucero-de-fonapas-en-la-ciudad-de-oaxaca","status":"publish","type":"post","link":"https:\/\/dimensionturistica.com\/es\/liberan-crucero-de-fonapas-en-la-ciudad-de-oaxaca\/","title":{"rendered":"Liberan crucero de Fonapas en la ciudad de Oaxaca"},"content":{"rendered":"<p> <br \/>\n<\/p>\n<div>\n<p>OAXACA, Oax, 10 de marzo de 2021. \u2013 Un grupo de presi\u00f3n liber\u00f3 la ma\u00f1ana de este mi\u00e9rcoles el crucero de Fonapas, en la ciudad de Oaxaca, permitiendo el tr\u00e1nsito de veh\u00edculos.<\/p>\n<figure class=\"wp-block-embed-twitter wp-block-embed is-type-rich is-provider-twitter\"\/>\n<p>Despu\u00e9s de dos horas de afectaciones a los ciudadanos, los manifestantes liberaron los siete autobuses del transporte p\u00fablico que hab\u00edan retenido para impedir el tr\u00e1nsito sobre el crucero.<\/p>\n<p>Con el bloqueo decenas de automovilistas resultaron afectados y buscaron v\u00edas alternas.<\/p>\n<p>Asimismo, usuarios del transporte p\u00fablico tuvieron que transbordar para llegar a sus destinos.<\/p>\n<p>Este grupo de personas mantiene bloqueado la avenida Ju\u00e1rez desde el pasado martes por la ma\u00f1ana.<\/p>\n<\/div>\n<p><script>(function(d, s, id) {\n  var js, fjs = d.getElementsByTagName(s)[0];\n  if (d.getElementById(id)) return;\n  js = d.createElement(s); js.id = id;\n  js.src=\"https:\/\/connect.facebook.net\/es_LA\/sdk.js#xfbml=1&version=v3.2&appId=128492274233029&autoLogAppEvents=1\";\n  fjs.parentNode.insertBefore(js, fjs);\n}(document, 'script', 'facebook-jssdk'));<\/script><br \/>\n<br \/><\/p>\n<p><em> &#8221; Fuentes oaxaca.quadratin.com.mx &#8221; <\/em><\/p>\n","protected":false},"excerpt":{"rendered":"<p>OAXACA, Oax, 10 de marzo de 2021. \u2013 Un grupo de presi\u00f3n liber\u00f3 la ma\u00f1ana de este mi\u00e9rcoles el crucero de Fonapas, en la ciudad de Oaxaca, permitiendo el tr\u00e1nsito de veh\u00edculos. Despu\u00e9s de dos horas de afectaciones a los ciudadanos, los manifestantes liberaron los siete autobuses del transporte p\u00fablico que hab\u00edan retenido para impedir [&hellip;]<\/p>\n","protected":false},"author":4,"featured_media":93704,"comment_status":"open","ping_status":"closed","sticky":false,"template":"","format":"standard","meta":{"om_disable_all_campaigns":false,"jnews-multi-image_gallery":[],"jnews_single_post":[],"jnews_primary_category":[],"jnews_social_meta":[],"footnotes":""},"categories":[41],"tags":[],"class_list":["post-93703","post","type-post","status-publish","format-standard","has-post-thumbnail","hentry","category-cruceros"],"_links":{"self":[{"href":"https:\/\/dimensionturistica.com\/es\/wp-json\/wp\/v2\/posts\/93703","targetHints":{"allow":["GET"]}}],"collection":[{"href":"https:\/\/dimensionturistica.com\/es\/wp-json\/wp\/v2\/posts"}],"about":[{"href":"https:\/\/dimensionturistica.com\/es\/wp-json\/wp\/v2\/types\/post"}],"author":[{"embeddable":true,"href":"https:\/\/dimensionturistica.com\/es\/wp-json\/wp\/v2\/users\/4"}],"replies":[{"embeddable":true,"href":"https:\/\/dimensionturistica.com\/es\/wp-json\/wp\/v2\/comments?post=93703"}],"version-history":[{"count":0,"href":"https:\/\/dimensionturistica.com\/es\/wp-json\/wp\/v2\/posts\/93703\/revisions"}],"wp:featuredmedia":[{"embeddable":true,"href":"https:\/\/dimensionturistica.com\/es\/wp-json\/wp\/v2\/media\/93704"}],"wp:attachment":[{"href":"https:\/\/dimensionturistica.com\/es\/wp-json\/wp\/v2\/media?parent=93703"}],"wp:term":[{"taxonomy":"category","embeddable":true,"href":"https:\/\/dimensionturistica.com\/es\/wp-json\/wp\/v2\/categories?post=93703"},{"taxonomy":"post_tag","embeddable":true,"href":"https:\/\/dimensionturistica.com\/es\/wp-json\/wp\/v2\/tags?post=93703"}],"curies":[{"name":"wp","href":"https:\/\/api.w.org\/{rel}","templated":true}]}}