{"id":936976,"date":"2025-03-01T04:24:36","date_gmt":"2025-03-01T04:24:36","guid":{"rendered":"https:\/\/dimensionturistica.com\/es\/?p=936976"},"modified":"2025-03-01T04:24:36","modified_gmt":"2025-03-01T04:24:36","slug":"vitrina-turistica-anato-2025-un-resumen-del-cierre-de-la-feria-de-turismo-mas-relevante-de-america-latina","status":"publish","type":"post","link":"https:\/\/dimensionturistica.com\/es\/vitrina-turistica-anato-2025-un-resumen-del-cierre-de-la-feria-de-turismo-mas-relevante-de-america-latina\/","title":{"rendered":"Vitrina Tur\u00edstica Anato 2025: Un resumen del cierre de la feria de turismo m\u00e1s relevante de Am\u00e9rica Latina"},"content":{"rendered":"<p><strong>Un Vistazo a la Vitrina Tur\u00edstica de Anato 2025: Un \u00c9xito en la Promoci\u00f3n del Turismo en Am\u00e9rica Latina<\/strong><\/p>\n<p>El mundo del turismo se vuelve a reunir en un espacio donde convergen creatividad, innovaci\u00f3n y, sobre todo, una pasi\u00f3n desbordante por explorar. La Vitrina Tur\u00edstica de Anato 2025 se ha consolidado una vez m\u00e1s como la feria m\u00e1s importante de Am\u00e9rica Latina, un evento que re\u00fane a profesionales del sector, destinos, empresas y un sinf\u00edn de oportunidades para el desarrollo tur\u00edstico en la regi\u00f3n.<\/p>\n<p>Celebrada en el Centro Internacional de Negocios y Exposiciones de Bogot\u00e1, esta edici\u00f3n se destac\u00f3 por su vibrante ambiente, lo que la convierte en un punto crucial para la industria. Con la participaci\u00f3n de m\u00e1s de 800 expositores y una afluencia masiva de visitantes, el evento no solo ofreci\u00f3 un espacio de exhibici\u00f3n, sino que tambi\u00e9n propici\u00f3 un intercambio invaluable de ideas y experiencias.<\/p>\n<p>Uno de los ejes centrales de la feria fue la sostenibilidad. En tiempos en los que el cambio clim\u00e1tico y el impacto del turismo en el medio ambiente son temas candentes, los organizadores mostraron su compromiso con pr\u00e1cticas que fomentan el desarrollo eco-amigable. Los asistentes pudieron explorar destinos que se est\u00e1n transformando mediante el uso de tecnolog\u00edas verdes, as\u00ed como iniciativas que buscan conservar la biodiversidad y reforzar la conexi\u00f3n entre el turismo y las comunidades locales.<\/p>\n<p>Adem\u00e1s, la feria se destac\u00f3 por su enfoque en la digitalizaci\u00f3n del turismo. En un mundo cada vez m\u00e1s interconectado, las herramientas digitales son esenciales para atraer turistas. Desde aplicaciones de realidad aumentada que permiten experiencias inmersivas hasta plataformas de reservas m\u00e1s eficientes, la Vitrina Tur\u00edstica se convirti\u00f3 en el escenario ideal para la presentaci\u00f3n de estas innovaciones. Las conferencias y paneles discutieron sobre las tendencias futuras y c\u00f3mo las empresas tur\u00edsticas deben adaptarse para seguir siendo competitivas en un mercado cambiante.<\/p>\n<p>Uno de los momentos m\u00e1s impactantes fue la participaci\u00f3n de varios pa\u00edses latinoamericanos que presentaron no solo sus atractivos tur\u00edsticos, sino tambi\u00e9n su rica diversidad cultural. Argentina, Per\u00fa, Colombia y M\u00e9xico resaltaron sus tradiciones, gastronom\u00eda y patrimonio, ofreciendo un vistazo profundo a cada uno de estos destinos. Tal efervescencia se tradujo en un colorido despliegue de danzas, comidas t\u00edpicas y exposiciones art\u00edsticas que hicieron vibrar a los asistentes.<\/p>\n<p>El evento, sin embargo, no solo se limit\u00f3 a la exhibici\u00f3n de productos y destinos, sino que tambi\u00e9n sirvi\u00f3 como un foro de discusi\u00f3n sobre los desaf\u00edos que enfrenta la industria. Expertos en turismo se reunieron para abordar temas clave, desde la recuperaci\u00f3n post-pandemia hasta la importancia del turismo inclusivo, evidenciando c\u00f3mo la industria est\u00e1 cambiando y adapt\u00e1ndose a las nuevas realidades.<\/p>\n<p>De este modo, la Vitrina Tur\u00edstica de Anato se posiciona no solo como un escaparate para el turismo latinoamericano, sino como una plataforma de di\u00e1logo donde se forjan alianzas y se gestan ideas que marcar\u00e1n el futuro del sector. Con un enfoque renovado en la sostenibilidad, la innovaci\u00f3n y la colaboraci\u00f3n, el evento se reafirma como un pilar fundamental que impulsa el dinamismo del turismo en la regi\u00f3n.<\/p>\n<p>Los pr\u00f3ximos a\u00f1os presentan un horizonte prometedor para la industria tur\u00edstica en Am\u00e9rica Latina. La Vitrina Tur\u00edstica de Anato 2025 ha demostrado que, aunque los desaf\u00edos son grandes, las oportunidades para crecer y transformar el turismo son a\u00fan mayores. All\u00ed, en ese cruce de caminos, cada expositor, visitante y profesional tiene la oportunidad de ser parte de una nueva era tur\u00edstica, donde el mundo viaja no solo para conocer, sino para comprender y apreciar la diversidad que cada rinc\u00f3n del continente tiene para ofrecer. Sin duda, el turismo en Am\u00e9rica Latina est\u00e1 destinado a brillar con luz propia.<\/p>\n<p><em> &#8221; Sources 360radio.com.co &#8221; <\/em><\/p>\n<p><em> &#8221; Sources 360radio.com.co &#8221; <\/em><\/p>\n","protected":false},"excerpt":{"rendered":"<p>Un Vistazo a la Vitrina Tur\u00edstica de Anato 2025: Un \u00c9xito en la Promoci\u00f3n del Turismo en Am\u00e9rica Latina El mundo del turismo se vuelve a reunir en un espacio donde convergen creatividad, innovaci\u00f3n y, sobre todo, una pasi\u00f3n desbordante por explorar. La Vitrina Tur\u00edstica de Anato 2025 se ha consolidado una vez m\u00e1s como [&hellip;]<\/p>\n","protected":false},"author":4,"featured_media":936977,"comment_status":"open","ping_status":"closed","sticky":false,"template":"","format":"standard","meta":{"om_disable_all_campaigns":false,"jnews-multi-image_gallery":[],"jnews_single_post":[],"jnews_primary_category":[],"jnews_social_meta":[],"footnotes":""},"categories":[40],"tags":[209613,724,19410,1834,3067,18609,544,76442,38974],"class_list":["post-936976","post","type-post","status-publish","format-standard","has-post-thumbnail","hentry","category-industria","tag-anato-2025","tag-eventos","tag-feria-de-turismo","tag-latam","tag-promocion-turistica","tag-tendencias-turisticas","tag-turismo","tag-turismo-en-america-latina","tag-vitrina-turistica"],"_links":{"self":[{"href":"https:\/\/dimensionturistica.com\/es\/wp-json\/wp\/v2\/posts\/936976","targetHints":{"allow":["GET"]}}],"collection":[{"href":"https:\/\/dimensionturistica.com\/es\/wp-json\/wp\/v2\/posts"}],"about":[{"href":"https:\/\/dimensionturistica.com\/es\/wp-json\/wp\/v2\/types\/post"}],"author":[{"embeddable":true,"href":"https:\/\/dimensionturistica.com\/es\/wp-json\/wp\/v2\/users\/4"}],"replies":[{"embeddable":true,"href":"https:\/\/dimensionturistica.com\/es\/wp-json\/wp\/v2\/comments?post=936976"}],"version-history":[{"count":0,"href":"https:\/\/dimensionturistica.com\/es\/wp-json\/wp\/v2\/posts\/936976\/revisions"}],"wp:featuredmedia":[{"embeddable":true,"href":"https:\/\/dimensionturistica.com\/es\/wp-json\/wp\/v2\/media\/936977"}],"wp:attachment":[{"href":"https:\/\/dimensionturistica.com\/es\/wp-json\/wp\/v2\/media?parent=936976"}],"wp:term":[{"taxonomy":"category","embeddable":true,"href":"https:\/\/dimensionturistica.com\/es\/wp-json\/wp\/v2\/categories?post=936976"},{"taxonomy":"post_tag","embeddable":true,"href":"https:\/\/dimensionturistica.com\/es\/wp-json\/wp\/v2\/tags?post=936976"}],"curies":[{"name":"wp","href":"https:\/\/api.w.org\/{rel}","templated":true}]}}