{"id":93658,"date":"2021-03-10T16:03:23","date_gmt":"2021-03-10T16:03:23","guid":{"rendered":"https:\/\/dimensionturistica.com\/es\/?p=93658"},"modified":"2021-03-10T16:03:23","modified_gmt":"2021-03-10T16:03:23","slug":"bloquean-calles-y-cruceros-en-la-ciudad-de-oaxaca","status":"publish","type":"post","link":"https:\/\/dimensionturistica.com\/es\/bloquean-calles-y-cruceros-en-la-ciudad-de-oaxaca\/","title":{"rendered":"Bloquean calles y cruceros en la ciudad de Oaxaca"},"content":{"rendered":"<p> <br \/>\n<\/p>\n<div>\n<p>OAXACA, Oax., 10 de marzo de 2021.- Grupos de personas bloquearon este mi\u00e9rcoles calles y cruceros de la ciudad de Oaxaca, provocando afectaciones a far de automovilistas y usuarios del transporte p\u00fablico.<\/p>\n<p>Transmisi\u00f3n completa aqu\u00ed:<\/p>\n<p><a rel=\"nofollow noopener\" target=\"_blank\" href=\"https:\/\/www.facebook.com\/quadratin.oaxaca\/videos\/3883185605081759\">https:\/\/www.facebook.com\/quadratin.oaxaca\/videos\/3883185605081759<\/a><\/p>\n<figure class=\"wp-block-embed-twitter wp-block-embed is-type-rich is-provider-twitter\"\/>\n<p>Un grupo de pobladores de Santiago Atitl\u00e1n, cuyos habitantes mantienen un conflicto interno en su comunidad, bloque\u00f3 el crucero del estadio de b\u00e9isbol Eduardo Vasconcelos, la calle de los Derechos Humanos y la carretera federal 190, esquina con Manuel Ruiz.<\/p>\n<p>Por su parte, otro grupo de presi\u00f3n secuestr\u00f3 siete autobuses del transporte p\u00fablico y los atraves\u00f3 en el crucero de Fonapas.<\/p>\n<figure class=\"wp-block-embed-twitter wp-block-embed is-type-rich is-provider-twitter\"\/>\n<p>Con estos bloqueos, los automovilistas tuvieron que buscar v\u00edas alternas para llegar a sus destinos.<\/p>\n<p>Por su parte, cientos de usuarios del transporte publico resultaron afectados ya que tuvieron que transbordar y pagar doble pasaje.<\/p>\n<\/div>\n<p><script>(function(d, s, id) {\n  var js, fjs = d.getElementsByTagName(s)[0];\n  if (d.getElementById(id)) return;\n  js = d.createElement(s); js.id = id;\n  js.src=\"https:\/\/connect.facebook.net\/es_LA\/sdk.js#xfbml=1&version=v3.2&appId=128492274233029&autoLogAppEvents=1\";\n  fjs.parentNode.insertBefore(js, fjs);\n}(document, 'script', 'facebook-jssdk'));<\/script><br \/>\n<br \/><\/p>\n<p><em> &#8221; Fuentes oaxaca.quadratin.com.mx &#8221; <\/em><\/p>\n","protected":false},"excerpt":{"rendered":"<p>OAXACA, Oax., 10 de marzo de 2021.- Grupos de personas bloquearon este mi\u00e9rcoles calles y cruceros de la ciudad de Oaxaca, provocando afectaciones a far de automovilistas y usuarios del transporte p\u00fablico. Transmisi\u00f3n completa aqu\u00ed: https:\/\/www.facebook.com\/quadratin.oaxaca\/videos\/3883185605081759 Un grupo de pobladores de Santiago Atitl\u00e1n, cuyos habitantes mantienen un conflicto interno en su comunidad, bloque\u00f3 el crucero [&hellip;]<\/p>\n","protected":false},"author":4,"featured_media":93659,"comment_status":"open","ping_status":"closed","sticky":false,"template":"","format":"standard","meta":{"om_disable_all_campaigns":false,"jnews-multi-image_gallery":[],"jnews_single_post":[],"jnews_primary_category":[],"jnews_social_meta":[],"footnotes":""},"categories":[41],"tags":[],"class_list":["post-93658","post","type-post","status-publish","format-standard","has-post-thumbnail","hentry","category-cruceros"],"_links":{"self":[{"href":"https:\/\/dimensionturistica.com\/es\/wp-json\/wp\/v2\/posts\/93658","targetHints":{"allow":["GET"]}}],"collection":[{"href":"https:\/\/dimensionturistica.com\/es\/wp-json\/wp\/v2\/posts"}],"about":[{"href":"https:\/\/dimensionturistica.com\/es\/wp-json\/wp\/v2\/types\/post"}],"author":[{"embeddable":true,"href":"https:\/\/dimensionturistica.com\/es\/wp-json\/wp\/v2\/users\/4"}],"replies":[{"embeddable":true,"href":"https:\/\/dimensionturistica.com\/es\/wp-json\/wp\/v2\/comments?post=93658"}],"version-history":[{"count":0,"href":"https:\/\/dimensionturistica.com\/es\/wp-json\/wp\/v2\/posts\/93658\/revisions"}],"wp:featuredmedia":[{"embeddable":true,"href":"https:\/\/dimensionturistica.com\/es\/wp-json\/wp\/v2\/media\/93659"}],"wp:attachment":[{"href":"https:\/\/dimensionturistica.com\/es\/wp-json\/wp\/v2\/media?parent=93658"}],"wp:term":[{"taxonomy":"category","embeddable":true,"href":"https:\/\/dimensionturistica.com\/es\/wp-json\/wp\/v2\/categories?post=93658"},{"taxonomy":"post_tag","embeddable":true,"href":"https:\/\/dimensionturistica.com\/es\/wp-json\/wp\/v2\/tags?post=93658"}],"curies":[{"name":"wp","href":"https:\/\/api.w.org\/{rel}","templated":true}]}}