{"id":93595,"date":"2021-03-10T14:16:21","date_gmt":"2021-03-10T14:16:21","guid":{"rendered":"https:\/\/dimensionturistica.com\/es\/?p=93595"},"modified":"2021-03-10T14:16:22","modified_gmt":"2021-03-10T14:16:22","slug":"croacia-permite-la-escala-de-cruceros-sin-restricciones-de-capacidad","status":"publish","type":"post","link":"https:\/\/dimensionturistica.com\/es\/croacia-permite-la-escala-de-cruceros-sin-restricciones-de-capacidad\/","title":{"rendered":"Croacia permite la escala de cruceros sin restricciones de capacidad"},"content":{"rendered":"<p> <br \/>\n<\/p>\n<div>\n<p style=\"text-align: justify;\">La Direcci\u00f3n Basic de Protecci\u00f3n Civil de Croacia ha anunciado su decisi\u00f3n de permitir las escalas de cruceros en los puertos croatas anulando las anteriores restricciones de capacidad, con efecto a partir del 1 de marzo de 2021. Tras un a\u00f1o de prohibici\u00f3n debido a la pandemia del COVID-19, los barcos de cruceros pueden navegar por los puertos del pa\u00eds.<\/p>\n<p style=\"text-align: justify;\">Con la aplicaci\u00f3n de todos los protocolos y medidas sanitarias establecidas en \u201cStay safe in Croatia\u201d, la nueva etiqueta de seguridad nacional de Ministerio de Turismo y la Oficina Nacional de Turismo de Croacia, cuya mayor prioridad es la seguridad de los hu\u00e9spedes y trabajadores del sector tur\u00edstico, se proteger\u00e1 la salud y seguridad de los pasajeros, la tripulaci\u00f3n y las comunidades visitadas.<\/p>\n<p style=\"text-align: justify;\">Entre las directrices establecidas se incluye el uso ordinary de las mascarillas en zonas comunes, el distanciamiento social,\u00a0 la limpieza y desinfecci\u00f3n de los espacios y equipos, o el management de temperatura, entre otras.<\/p>\n<\/div>\n<p><script>!function(f,b,e,v,n,t,s){if(f.fbq)return;n=f.fbq=function(){n.callMethod?n.callMethod.apply(n,arguments):n.queue.push(arguments)};if(!f._fbq)f._fbq=n;n.push=n;n.loaded=!0;n.version='2.0';n.queue=[];t=b.createElement(e);t.async=!0;t.src=v;s=b.getElementsByTagName(e)[0];s.parentNode.insertBefore(t,s)}(window,document,'script','https:\/\/connect.facebook.net\/en_US\/fbevents.js');fbq('init','1161361057246236');fbq('track','PageView')<\/script><br \/>\n<br \/><\/p>\n<p><em> &#8221; Fuentes www.elestrechodigital.com &#8221; <\/em><\/p>\n","protected":false},"excerpt":{"rendered":"<p>La Direcci\u00f3n Basic de Protecci\u00f3n Civil de Croacia ha anunciado su decisi\u00f3n de permitir las escalas de cruceros en los puertos croatas anulando las anteriores restricciones de capacidad, con efecto a partir del 1 de marzo de 2021. Tras un a\u00f1o de prohibici\u00f3n debido a la pandemia del COVID-19, los barcos de cruceros pueden navegar [&hellip;]<\/p>\n","protected":false},"author":4,"featured_media":93596,"comment_status":"open","ping_status":"closed","sticky":false,"template":"","format":"standard","meta":{"om_disable_all_campaigns":false,"jnews-multi-image_gallery":[],"jnews_single_post":[],"jnews_primary_category":[],"jnews_social_meta":[],"footnotes":""},"categories":[41],"tags":[],"class_list":["post-93595","post","type-post","status-publish","format-standard","has-post-thumbnail","hentry","category-cruceros"],"_links":{"self":[{"href":"https:\/\/dimensionturistica.com\/es\/wp-json\/wp\/v2\/posts\/93595","targetHints":{"allow":["GET"]}}],"collection":[{"href":"https:\/\/dimensionturistica.com\/es\/wp-json\/wp\/v2\/posts"}],"about":[{"href":"https:\/\/dimensionturistica.com\/es\/wp-json\/wp\/v2\/types\/post"}],"author":[{"embeddable":true,"href":"https:\/\/dimensionturistica.com\/es\/wp-json\/wp\/v2\/users\/4"}],"replies":[{"embeddable":true,"href":"https:\/\/dimensionturistica.com\/es\/wp-json\/wp\/v2\/comments?post=93595"}],"version-history":[{"count":0,"href":"https:\/\/dimensionturistica.com\/es\/wp-json\/wp\/v2\/posts\/93595\/revisions"}],"wp:featuredmedia":[{"embeddable":true,"href":"https:\/\/dimensionturistica.com\/es\/wp-json\/wp\/v2\/media\/93596"}],"wp:attachment":[{"href":"https:\/\/dimensionturistica.com\/es\/wp-json\/wp\/v2\/media?parent=93595"}],"wp:term":[{"taxonomy":"category","embeddable":true,"href":"https:\/\/dimensionturistica.com\/es\/wp-json\/wp\/v2\/categories?post=93595"},{"taxonomy":"post_tag","embeddable":true,"href":"https:\/\/dimensionturistica.com\/es\/wp-json\/wp\/v2\/tags?post=93595"}],"curies":[{"name":"wp","href":"https:\/\/api.w.org\/{rel}","templated":true}]}}