{"id":93580,"date":"2021-03-10T13:51:45","date_gmt":"2021-03-10T13:51:45","guid":{"rendered":"https:\/\/dimensionturistica.com\/es\/?p=93580"},"modified":"2021-03-10T13:51:45","modified_gmt":"2021-03-10T13:51:45","slug":"lucas-navarro-el-ultimo-refuerzo-de-crucero-para-el-torneo-federal-a","status":"publish","type":"post","link":"https:\/\/dimensionturistica.com\/es\/lucas-navarro-el-ultimo-refuerzo-de-crucero-para-el-torneo-federal-a\/","title":{"rendered":"Lucas Navarro, el \u00faltimo refuerzo de Crucero para el torneo Federal A"},"content":{"rendered":"<p> <br \/>\n<\/p>\n<div>\n<p><img decoding=\"async\" class=\"alignnone wp-image-100411589 size-large lazy\" src=\"https:\/\/www.primeraedicion.com.ar\/wp-content\/uploads\/2021\/03\/0573d142-1fce-4c5a-8d60-a5349505aca9-1024x1024.jpg\" alt=\"\" width=\"1024\" height=\"1024\"  data-\/><\/p>\n<p>Tal cual lo hab\u00eda adelantado a\u00a0 EL DEPORTIVO hace algunas semanas atr\u00e1s, Carlos Marczuk, entrenador de Crucero del Norte, logr\u00f3 lo que pretend\u00eda.<\/p>\n<p>El DT hab\u00eda expresado que quer\u00eda reforzarse con un arquero y un defensor central. Pedido que la dirigencia colectivera atendi\u00f3. Primer lleg\u00f3 hace algunos d\u00edas atr\u00e1s el arquero Joaqu\u00edn De Los Reyes, Mientras que den las \u00faltimas horas arrib\u00f3 a Misiones,\u00a0 Lucas Navarro, un\u00a0 marcador Central de 29a\u00f1os, que ya se puso a disposici\u00f3n de Carlos Marczuk. El central proviene de Argentinos de Pe\u00f1arol (C\u00f3rdoba). Se form\u00f3 futbol\u00edsticamente en Instituto, Luego pas\u00f3 por Racing de su provincia natal.<\/p>\n<\/div>\n<p><script>(function(d, s, id) {\n  var js, fjs = d.getElementsByTagName(s)[0];\n  if (d.getElementById(id)) return;\n  js = d.createElement(s); js.id = id;\n  js.src=\"https:\/\/connect.facebook.net\/es_LA\/sdk.js#xfbml=1&version=v3.0&appId=2081795622093047&autoLogAppEvents=1\";\n  fjs.parentNode.insertBefore(js, fjs);\n}(document, 'script', 'facebook-jssdk'));<\/script><script>(function(d, s, id) {\n          var js, fjs = d.getElementsByTagName(s)[0];\n          if (d.getElementById(id)) return;\n          js = d.createElement(s); js.id = id;\n          js.src = \"https:\/\/connect.facebook.net\/es_ES\/sdk.js#xfbml=1&appId=322883867836075&version=v2.3\";\n          fjs.parentNode.insertBefore(js, fjs);\n        }(document, 'script', 'facebook-jssdk'));<\/script><script type=\"text\/javascript\">\nfunction heateorSssLoadEvent(e) {var t=window.onload;if (typeof window.onload!=\"function\") {window.onload=e}else{window.onload=function() {t();e()}}};\tvar heateorSssSharingAjaxUrl=\"https:\/\/www.primeraedicion.com.ar\/wp-admin\/admin-ajax.php\", heateorSssCloseIconPath=\"https:\/\/www.primeraedicion.com.ar\/wp-content\/plugins\/sassy-social-share\/public\/..\/images\/close.png\", heateorSssPluginIconPath=\"https:\/\/www.primeraedicion.com.ar\/wp-content\/plugins\/sassy-social-share\/public\/..\/images\/logo.png\", heateorSssHorizontalSharingCountEnable = 0, heateorSssVerticalSharingCountEnable = 0, heateorSssSharingOffset = -10; var heateorSssMobileStickySharingEnabled = 0;var heateorSssCopyLinkMessage = \"Link copied.\";var heateorSssUrlCountFetched = [], heateorSssSharesText=\"Shares\", heateorSssShareText=\"Share\";function heateorSssPopup(e) {window.open(e,\"popUpWindow\",\"height=400,width=600,left=400,top=100,resizable,scrollbars,toolbar=0,personalbar=0,menubar=no,location=no,directories=no,status\")}function heateorSssInitiateFB() {FB.init({appId:\"\",channelUrl:\"\",status:!0,cookie:!0,xfbml:!0,version:\"v9.0\"})}window.fbAsyncInit=function() {heateorSssInitiateFB(),0&&(FB.Event.subscribe(\"edge.create\",function(e) {heateorSsmiMycredPoints(\"Facebook_like_recommend\",\"\",e?e:\"\")}),FB.Event.subscribe(\"edge.remove\",function(e) {heateorSsmiMycredPoints(\"Facebook_like_recommend\",\"\",e?e:\"\",\"Minus point(s) for undoing Facebook like-recommend\")}) ),0&&(FB.Event.subscribe(\"edge.create\",function(e) {heateorSsgaSocialPluginsTracking(\"Facebook\",\"Like\",e?e:\"\")}),FB.Event.subscribe(\"edge.remove\",function(e) {heateorSsgaSocialPluginsTracking(\"Facebook\",\"Unlike\",e?e:\"\")}) )},function(e) (document);;var heateorSssWhatsappShareAPI = \"web\";\n<\/script><br \/>\n<br \/><\/p>\n<p><em> &#8221; Fuentes www.primeraedicion.com.ar &#8221; <\/em><\/p>\n","protected":false},"excerpt":{"rendered":"<p>Tal cual lo hab\u00eda adelantado a\u00a0 EL DEPORTIVO hace algunas semanas atr\u00e1s, Carlos Marczuk, entrenador de Crucero del Norte, logr\u00f3 lo que pretend\u00eda. El DT hab\u00eda expresado que quer\u00eda reforzarse con un arquero y un defensor central. Pedido que la dirigencia colectivera atendi\u00f3. Primer lleg\u00f3 hace algunos d\u00edas atr\u00e1s el arquero Joaqu\u00edn De Los Reyes, [&hellip;]<\/p>\n","protected":false},"author":4,"featured_media":0,"comment_status":"open","ping_status":"closed","sticky":false,"template":"","format":"standard","meta":{"om_disable_all_campaigns":false,"jnews-multi-image_gallery":[],"jnews_single_post":[],"jnews_primary_category":[],"jnews_social_meta":[],"footnotes":""},"categories":[41],"tags":[],"class_list":["post-93580","post","type-post","status-publish","format-standard","hentry","category-cruceros"],"_links":{"self":[{"href":"https:\/\/dimensionturistica.com\/es\/wp-json\/wp\/v2\/posts\/93580","targetHints":{"allow":["GET"]}}],"collection":[{"href":"https:\/\/dimensionturistica.com\/es\/wp-json\/wp\/v2\/posts"}],"about":[{"href":"https:\/\/dimensionturistica.com\/es\/wp-json\/wp\/v2\/types\/post"}],"author":[{"embeddable":true,"href":"https:\/\/dimensionturistica.com\/es\/wp-json\/wp\/v2\/users\/4"}],"replies":[{"embeddable":true,"href":"https:\/\/dimensionturistica.com\/es\/wp-json\/wp\/v2\/comments?post=93580"}],"version-history":[{"count":0,"href":"https:\/\/dimensionturistica.com\/es\/wp-json\/wp\/v2\/posts\/93580\/revisions"}],"wp:attachment":[{"href":"https:\/\/dimensionturistica.com\/es\/wp-json\/wp\/v2\/media?parent=93580"}],"wp:term":[{"taxonomy":"category","embeddable":true,"href":"https:\/\/dimensionturistica.com\/es\/wp-json\/wp\/v2\/categories?post=93580"},{"taxonomy":"post_tag","embeddable":true,"href":"https:\/\/dimensionturistica.com\/es\/wp-json\/wp\/v2\/tags?post=93580"}],"curies":[{"name":"wp","href":"https:\/\/api.w.org\/{rel}","templated":true}]}}