{"id":932810,"date":"2025-02-22T03:56:26","date_gmt":"2025-02-22T03:56:26","guid":{"rendered":"https:\/\/dimensionturistica.com\/es\/?p=932810"},"modified":"2025-02-22T03:56:26","modified_gmt":"2025-02-22T03:56:26","slug":"las-5-tonalidades-estilizadas-para-unas-sofisticadas-en-la-temporada-primavera-verano-2025","status":"publish","type":"post","link":"https:\/\/dimensionturistica.com\/es\/las-5-tonalidades-estilizadas-para-unas-sofisticadas-en-la-temporada-primavera-verano-2025\/","title":{"rendered":"Las 5 Tonalidades Estilizadas para U\u00f1as Sofisticadas en la Temporada Primavera-Verano 2025"},"content":{"rendered":"<p><strong>Colores y Tendencias para un Estilo Elegante en Primavera-Verano 2025<\/strong><\/p>\n<p>La llegada de la primavera-verano siempre trae consigo una sensaci\u00f3n de renovaci\u00f3n y el deseo de experimentar con el color. Si est\u00e1s planeando unas vacaciones para disfrutar de d\u00edas soleados, no puedes olvidarte de un detalle fundamental en tu look: la manicura. Este a\u00f1o, la paleta de colores se est\u00e1 vistiendo de tonos vibrantes y elegantes, perfectos para resaltar tus outfits en la temporada m\u00e1s c\u00e1lida del a\u00f1o.<\/p>\n<p>Una de las tendencias m\u00e1s destacadas son los tonos pasteles, que evocan la frescura de la primavera y la ligereza del verano. Colores como el lavanda, el menta y el rosa suave son ideales para aquellos d\u00edas en los que deseas lucir un estilo casual, pero cuidado. Estos matices se complementan perfectamente con prendas ligeras y florales, reminiscencias del ambiente alegre que la estaci\u00f3n nos ofrece.<\/p>\n<p>Sin embargo, no todo es suavidad. Para las aventureras que buscan un poco m\u00e1s de vibrancia, los tonos ne\u00f3n est\u00e1n de regreso. Colores como el verde el\u00e9ctrico y el fucsia vibrante est\u00e1n dominando las tendencias y se est\u00e1n convirtiendo en la elecci\u00f3n perfecta para destacar en playas y fiestas al atardecer. La energ\u00eda de estos colores radica en su capacidad para atraer miradas y hacer que cualquier outfit se convierta en un aut\u00e9ntico espect\u00e1culo.<\/p>\n<p>Adem\u00e1s, los tonos terrosos tambi\u00e9n toman protagonismo esta temporada. Desde suaves beiges hasta ricos marrones, estos colores evocan una conexi\u00f3n m\u00e1s profunda con la naturaleza, perfecta para aquellos que buscan un equilibrio entre la elegancia y la comodidad. Estos matices son vers\u00e1tiles y se adaptan a una variedad de estilos, desde bohemios hasta sofisticados, lo que los convierte en una elecci\u00f3n excepcional para cualquier ocasi\u00f3n.<\/p>\n<p>Y si hablamos de sofisticaci\u00f3n, los tonos met\u00e1licos no pueden quedar fuera de la conversaci\u00f3n. Brillantes y llamativos, los acabados en plata y dorado se apoderan de las tendencias para aportar un toque de glamour a tus manos. Ideales para una cena elegante o una salida nocturna, estos colores a\u00f1aden un nivel de sofisticaci\u00f3n que puede hacer que cualquier look resplandezca.<\/p>\n<p>Para culminar, la manicura de primavera-verano 2025 no solo es una cuesti\u00f3n de estilo, sino un reflejo de tus emociones y tu personalidad. La elecci\u00f3n del color puede transformar no solo tus manos, sino tambi\u00e9n tu confianza al salir de casa. As\u00ed que, mientras planificas tus escapadas de verano, recuerda que cada detalle cuenta. Con la paleta adecuada, tus u\u00f1as pueden ser el accesorio que complemente tu aventura, haci\u00e9ndola a\u00fan m\u00e1s memorable. \u00a1Atr\u00e9vete a experimentar con los colores y haz que esta temporada brille por ti!<\/p>\n<p><em> &#8221; Sources www.vogue.mx &#8221; <\/em><\/p>\n<p><em> &#8221; Fuentes www.vogue.mx &#8221; <\/em><\/p>\n","protected":false},"excerpt":{"rendered":"<p>Colores y Tendencias para un Estilo Elegante en Primavera-Verano 2025 La llegada de la primavera-verano siempre trae consigo una sensaci\u00f3n de renovaci\u00f3n y el deseo de experimentar con el color. Si est\u00e1s planeando unas vacaciones para disfrutar de d\u00edas soleados, no puedes olvidarte de un detalle fundamental en tu look: la manicura. Este a\u00f1o, la [&hellip;]<\/p>\n","protected":false},"author":4,"featured_media":932811,"comment_status":"open","ping_status":"closed","sticky":false,"template":"","format":"standard","meta":{"om_disable_all_campaigns":false,"jnews-multi-image_gallery":[],"jnews_single_post":[],"jnews_primary_category":[],"jnews_social_meta":[],"footnotes":""},"categories":[144872],"tags":[27305,3381,15091,25937,199354,659,66168,200334,2182,12543],"class_list":["post-932810","post","type-post","status-publish","format-standard","has-post-thumbnail","hentry","category-fashion","tag-27305","tag-belleza","tag-colores","tag-elegante","tag-manicure","tag-moda","tag-primavera-verano","tag-primavera-verano-2025","tag-tendencias","tag-unas"],"_links":{"self":[{"href":"https:\/\/dimensionturistica.com\/es\/wp-json\/wp\/v2\/posts\/932810","targetHints":{"allow":["GET"]}}],"collection":[{"href":"https:\/\/dimensionturistica.com\/es\/wp-json\/wp\/v2\/posts"}],"about":[{"href":"https:\/\/dimensionturistica.com\/es\/wp-json\/wp\/v2\/types\/post"}],"author":[{"embeddable":true,"href":"https:\/\/dimensionturistica.com\/es\/wp-json\/wp\/v2\/users\/4"}],"replies":[{"embeddable":true,"href":"https:\/\/dimensionturistica.com\/es\/wp-json\/wp\/v2\/comments?post=932810"}],"version-history":[{"count":0,"href":"https:\/\/dimensionturistica.com\/es\/wp-json\/wp\/v2\/posts\/932810\/revisions"}],"wp:featuredmedia":[{"embeddable":true,"href":"https:\/\/dimensionturistica.com\/es\/wp-json\/wp\/v2\/media\/932811"}],"wp:attachment":[{"href":"https:\/\/dimensionturistica.com\/es\/wp-json\/wp\/v2\/media?parent=932810"}],"wp:term":[{"taxonomy":"category","embeddable":true,"href":"https:\/\/dimensionturistica.com\/es\/wp-json\/wp\/v2\/categories?post=932810"},{"taxonomy":"post_tag","embeddable":true,"href":"https:\/\/dimensionturistica.com\/es\/wp-json\/wp\/v2\/tags?post=932810"}],"curies":[{"name":"wp","href":"https:\/\/api.w.org\/{rel}","templated":true}]}}