{"id":932232,"date":"2025-02-21T08:01:30","date_gmt":"2025-02-21T08:01:30","guid":{"rendered":"https:\/\/dimensionturistica.com\/es\/?p=932232"},"modified":"2025-02-21T08:01:30","modified_gmt":"2025-02-21T08:01:30","slug":"novedades-para-el-sector-turistico-informacion-clave-para-profesionales-del-turismo-3","status":"publish","type":"post","link":"https:\/\/dimensionturistica.com\/es\/novedades-para-el-sector-turistico-informacion-clave-para-profesionales-del-turismo-3\/","title":{"rendered":"Novedades para el Sector Tur\u00edstico: Informaci\u00f3n Clave para Profesionales del Turismo"},"content":{"rendered":"<h3>Marruecos: Un Destino que Renace en el Coraz\u00f3n de Espa\u00f1a<\/h3>\n<p>Marruecos, un pa\u00eds de contrastes y colores vibrantes, se despliega como un atractivo destino tur\u00edstico que cada vez conquista m\u00e1s el coraz\u00f3n de los viajeros espa\u00f1oles. Su rica cultura, su historia fascinante y sus paisajes impresionantes son solo algunos de los elementos que lo convierten en una joya en la puerta de Europa. Con el objetivo de fomentar este intercambio cultural y tur\u00edstico, se ha gestado una colaboraci\u00f3n entre la Confederaci\u00f3n Espa\u00f1ola de Agencias de Viajes (CEAV) y el pa\u00eds africano, que promete dinamizar a\u00fan m\u00e1s el turismo hacia esta naci\u00f3n vecina.<\/p>\n<p>El aliciente de esta alianza radica en la promoci\u00f3n de las maravillas marroqu\u00edes entre el p\u00fablico espa\u00f1ol, ofreciendo experiencias que van m\u00e1s all\u00e1 del simple viaje. Desde las bulliciosas calles de Marrakech hasta las tranquilas vistas del desierto del S\u00e1hara, Marruecos se presenta como un destino diverso y accesible que se adapta a las distintas preferencias de los viajeros. <\/p>\n<p><strong>Descubriendo la Magia de Marrakech<\/strong><\/p>\n<p>Marrakech, conocida como la &quot;Perla del Sur&quot;, seduce a los visitantes con sus mercados llenos de aromas ex\u00f3ticos, donde el colorido de las especias y el arte de la artesan\u00eda local atraen a los sentidos. La famosa plaza Jema\u00e2 el-Fnaa, declarada Patrimonio Cultural de la Humanidad por la UNESCO, es un hervidero de actividades que cobra vida al caer la tarde, convirti\u00e9ndose en un espect\u00e1culo para los ojos y el paladar.<\/p>\n<p><strong>Rutas a trav\u00e9s del Tiempo<\/strong><\/p>\n<p>Cada rinc\u00f3n de Marruecos cuenta una historia. Chefchauen, con sus casas de color azul vibrante, ofrece una experiencia \u00fanica que transporta a los visitantes a un mundo de paz y armon\u00eda. Por otro lado, los ecos de la antigua Fez resuenan en sus calles laber\u00ednticas, donde se puede explorar una de las universidades m\u00e1s antiguas del mundo musulm\u00e1n, as\u00ed como apreciar la maestr\u00eda de los artesanos en sus famosas curtidur\u00edas.<\/p>\n<p><strong>La Naturaleza en Todo su Esplendor<\/strong><\/p>\n<p>Para aquellos que buscan sumergirse en la naturaleza, el desierto del S\u00e1hara ofrece una oportunidad \u00fanica para experimentar el silencio y la inmensidad del paisaje. Las dunas doradas se alzan majestuosamente, creando un escenario perfecto para la aventura. Imag\u00ednese recorriendo estas vastas extensiones a lomos de un camello, disfrutando de un atardecer que ti\u00f1e el cielo de colores imposibles. Las monta\u00f1as del Atlas, por su parte, brindan la ocasi\u00f3n de realizar senderismo y descubrir aldeas bereberes que siguen viviendo al ritmo de la tradici\u00f3n.<\/p>\n<p><strong>Gastronom\u00eda: Un Viaje de Sabores<\/strong><\/p>\n<p>La oferta gastron\u00f3mica marroqu\u00ed es otra raz\u00f3n m\u00e1s para visitar el pa\u00eds. Platos como el taj\u00edn o el cusc\u00fas deslumbran a los comensales y cuentan la historia de la fusi\u00f3n cultural que caracteriza a este lugar. Los aromas de las especias, el uso generoso de hierbas frescas y el arte de la cocina marroqu\u00ed permiten sumergirse completamente en la cultura local.<\/p>\n<p><strong>Un Puente Cultural entre Espa\u00f1a y Marruecos<\/strong><\/p>\n<p>El esfuerzo que CEAV y el gobierno marroqu\u00ed est\u00e1n realizando para fomentar el turismo tambi\u00e9n implica un compromiso con el intercambio cultural. El impulso de los viajes entre estos dos pa\u00edses no solo beneficia a los viajeros, sino que tambi\u00e9n fortalece la conexi\u00f3n entre ambas culturas, promoviendo el entendimiento y la cooperaci\u00f3n.<\/p>\n<p>En definitiva, Marruecos se aparece como un destino en plena efervescencia que promete seguir sorprendiendo a los viajeros espa\u00f1oles. Con su mezcla de historia, cultura, aventuras y paisajes cautivadores, este pa\u00eds africano no es solo un lugar para visitar, sino una experiencia que queda grabada en el coraz\u00f3n. As\u00ed que, si est\u00e1 en b\u00fasqueda de nuevas aventuras y horizontes, no dude en dejarse llevar por la magia de Marruecos.<\/p>\n<p><em> &#8221; Sources www.agenttravel.es &#8221; <\/em><\/p>\n<p><em> &#8221; Sources www.agenttravel.es &#8221; <\/em><\/p>\n","protected":false},"excerpt":{"rendered":"<p>Marruecos: Un Destino que Renace en el Coraz\u00f3n de Espa\u00f1a Marruecos, un pa\u00eds de contrastes y colores vibrantes, se despliega como un atractivo destino tur\u00edstico que cada vez conquista m\u00e1s el coraz\u00f3n de los viajeros espa\u00f1oles. Su rica cultura, su historia fascinante y sus paisajes impresionantes son solo algunos de los elementos que lo convierten [&hellip;]<\/p>\n","protected":false},"author":4,"featured_media":932233,"comment_status":"open","ping_status":"closed","sticky":false,"template":"","format":"standard","meta":{"om_disable_all_campaigns":false,"jnews-multi-image_gallery":[],"jnews_single_post":[],"jnews_primary_category":[],"jnews_social_meta":[],"footnotes":""},"categories":[40],"tags":[569,21191,3225,9288,47338,47339,715,1289,1296,547,47340,39936,6942,705,21552,47337,773,72133,26265,5794,4020,18737,2182,10844,544,1488],"class_list":["post-932232","post","type-post","status-publish","format-standard","has-post-thumbnail","hentry","category-industria","tag-agencias-de-viajes","tag-agente-de-viajes","tag-agentes-de-viaje","tag-companias-aereas","tag-diario-de-turismo","tag-diario-turistico","tag-economia","tag-hoteles","tag-industria-turistica","tag-informacion","tag-informacion-de-turismo","tag-informacion-turistica","tag-mayoristas","tag-noticias","tag-noticias-de-turismo","tag-noticias-turisticas","tag-opinion","tag-profesionales-del-turismo","tag-rent-a-car","tag-sector-aereo","tag-sector-turistico","tag-seguros-de-viaje","tag-tendencias","tag-tendencias-de-viaje","tag-turismo","tag-turoperadores"],"_links":{"self":[{"href":"https:\/\/dimensionturistica.com\/es\/wp-json\/wp\/v2\/posts\/932232","targetHints":{"allow":["GET"]}}],"collection":[{"href":"https:\/\/dimensionturistica.com\/es\/wp-json\/wp\/v2\/posts"}],"about":[{"href":"https:\/\/dimensionturistica.com\/es\/wp-json\/wp\/v2\/types\/post"}],"author":[{"embeddable":true,"href":"https:\/\/dimensionturistica.com\/es\/wp-json\/wp\/v2\/users\/4"}],"replies":[{"embeddable":true,"href":"https:\/\/dimensionturistica.com\/es\/wp-json\/wp\/v2\/comments?post=932232"}],"version-history":[{"count":0,"href":"https:\/\/dimensionturistica.com\/es\/wp-json\/wp\/v2\/posts\/932232\/revisions"}],"wp:featuredmedia":[{"embeddable":true,"href":"https:\/\/dimensionturistica.com\/es\/wp-json\/wp\/v2\/media\/932233"}],"wp:attachment":[{"href":"https:\/\/dimensionturistica.com\/es\/wp-json\/wp\/v2\/media?parent=932232"}],"wp:term":[{"taxonomy":"category","embeddable":true,"href":"https:\/\/dimensionturistica.com\/es\/wp-json\/wp\/v2\/categories?post=932232"},{"taxonomy":"post_tag","embeddable":true,"href":"https:\/\/dimensionturistica.com\/es\/wp-json\/wp\/v2\/tags?post=932232"}],"curies":[{"name":"wp","href":"https:\/\/api.w.org\/{rel}","templated":true}]}}