{"id":93213,"date":"2021-03-09T23:27:15","date_gmt":"2021-03-09T23:27:15","guid":{"rendered":"https:\/\/dimensionturistica.com\/es\/?p=93213"},"modified":"2021-03-09T23:27:15","modified_gmt":"2021-03-09T23:27:15","slug":"reabren-cruce-de-16-de-septiembre-y-arroyo-de-las-viboras","status":"publish","type":"post","link":"https:\/\/dimensionturistica.com\/es\/reabren-cruce-de-16-de-septiembre-y-arroyo-de-las-viboras\/","title":{"rendered":"Reabren cruce de 16 de Septiembre y Arroyo de las V\u00edboras"},"content":{"rendered":"<p> <br \/>\n<\/p>\n<div> <img decoding=\"async\" width=\"960\" height=\"544\" src=\"https:\/\/dimensionturistica.com\/es\/wp-content\/uploads\/2021\/03\/Reabren-cruce-de-16-de-Septiembre-y-Arroyo-de-las.jpeg\" class=\"attachment-post-thumbnail size-post-thumbnail wp-post-image\" alt=\"\" loading=\"lazy\"  \/><\/p>\n<p>Ciudad Ju\u00e1rez, Chihuahua.\u2014 <strong>El crucero de la avenida 16 de Septiembre y Arroyo de las V\u00edboras se abri\u00f3 de nueva a cuenta<\/strong> a la circulaci\u00f3n luego de que terminaran los trabajos de remodelaci\u00f3n.<\/p>\n<p>La reconstrucci\u00f3n del crucero que se encuentra en el poniente de la ciudad es parte de las acciones de la segunda fase del <strong>Programa de Rehabilitaci\u00f3n y Mantenimiento de Vialidades<\/strong> del Gobierno Municipal.<\/p>\n<p>Los trabajos de reconstrucci\u00f3n se desarrollaron a lo largo de varias semanas en las que se repusieron 966.34 metros cuadrados de concreto hidr\u00e1ulico <strong>para lo que se invirtieron 1.5 millones de pesos.<\/strong><\/p>\n<p>Son siete los cruceros que se han intervenido durante el presente a\u00f1o, de los cuales cuatro ya se encuentran en uso: Valent\u00edn Fuentes y Pedro Rosales de Le\u00f3n, bulevar Zaragoza y Capul\u00edn y 16 de Septiembre en sus cruces con, calle Cadmio y Arroyo de las V\u00edboras.<\/p>\n<p>Contin\u00faan las obras en Plutarco El\u00edas Calles y Simona Barba y Margarito Herrera en sus cruces con Ram\u00f3n Ray\u00f3n y Palacio de Mitla.<\/p>\n<p><iframe style=\"display: none;\" src=\"https:\/\/yociudadano.com.mx\/noticias\/reabren-cruce-de-16-de-septiembre-y-arroyo-de-las-viboras\/about:blank\"><\/iframe><\/p>\n<\/div>\n<p><script type=\"text\/javascript\"> !function(f,b,e,v,n,t,s){if(f.fbq)return;n=f.fbq=function(){n.callMethod?\nn.callMethod.apply(n,arguments):n.queue.push(arguments)};if(!f._fbq)f._fbq=n;\nn.push=n;n.loaded=!0;n.version='2.0';n.queue=[];t=b.createElement(e);t.async=!0;\nt.src=v;s=b.getElementsByTagName(e)[0];s.parentNode.insertBefore(t,s)}(window,\ndocument,'script','https:\/\/connect.facebook.net\/en_US\/fbevents.js'); <\/script><br \/>\n<br \/><\/p>\n<p><em> &#8221; Fuentes yociudadano.com.mx &#8221; <\/em><\/p>\n","protected":false},"excerpt":{"rendered":"<p>Ciudad Ju\u00e1rez, Chihuahua.\u2014 El crucero de la avenida 16 de Septiembre y Arroyo de las V\u00edboras se abri\u00f3 de nueva a cuenta a la circulaci\u00f3n luego de que terminaran los trabajos de remodelaci\u00f3n. La reconstrucci\u00f3n del crucero que se encuentra en el poniente de la ciudad es parte de las acciones de la segunda fase [&hellip;]<\/p>\n","protected":false},"author":4,"featured_media":93214,"comment_status":"open","ping_status":"closed","sticky":false,"template":"","format":"standard","meta":{"om_disable_all_campaigns":false,"jnews-multi-image_gallery":[],"jnews_single_post":[],"jnews_primary_category":[],"jnews_social_meta":[],"footnotes":""},"categories":[41],"tags":[],"class_list":["post-93213","post","type-post","status-publish","format-standard","has-post-thumbnail","hentry","category-cruceros"],"_links":{"self":[{"href":"https:\/\/dimensionturistica.com\/es\/wp-json\/wp\/v2\/posts\/93213","targetHints":{"allow":["GET"]}}],"collection":[{"href":"https:\/\/dimensionturistica.com\/es\/wp-json\/wp\/v2\/posts"}],"about":[{"href":"https:\/\/dimensionturistica.com\/es\/wp-json\/wp\/v2\/types\/post"}],"author":[{"embeddable":true,"href":"https:\/\/dimensionturistica.com\/es\/wp-json\/wp\/v2\/users\/4"}],"replies":[{"embeddable":true,"href":"https:\/\/dimensionturistica.com\/es\/wp-json\/wp\/v2\/comments?post=93213"}],"version-history":[{"count":0,"href":"https:\/\/dimensionturistica.com\/es\/wp-json\/wp\/v2\/posts\/93213\/revisions"}],"wp:featuredmedia":[{"embeddable":true,"href":"https:\/\/dimensionturistica.com\/es\/wp-json\/wp\/v2\/media\/93214"}],"wp:attachment":[{"href":"https:\/\/dimensionturistica.com\/es\/wp-json\/wp\/v2\/media?parent=93213"}],"wp:term":[{"taxonomy":"category","embeddable":true,"href":"https:\/\/dimensionturistica.com\/es\/wp-json\/wp\/v2\/categories?post=93213"},{"taxonomy":"post_tag","embeddable":true,"href":"https:\/\/dimensionturistica.com\/es\/wp-json\/wp\/v2\/tags?post=93213"}],"curies":[{"name":"wp","href":"https:\/\/api.w.org\/{rel}","templated":true}]}}