{"id":931981,"date":"2025-02-20T20:20:57","date_gmt":"2025-02-20T20:20:57","guid":{"rendered":"https:\/\/dimensionturistica.com\/es\/?p=931981"},"modified":"2025-02-20T20:20:57","modified_gmt":"2025-02-20T20:20:57","slug":"selena-gomez-reinventa-el-bob-de-los-anos-90-con-puntas-hacia-adentro","status":"publish","type":"post","link":"https:\/\/dimensionturistica.com\/es\/selena-gomez-reinventa-el-bob-de-los-anos-90-con-puntas-hacia-adentro\/","title":{"rendered":"Selena Gomez reinventa el bob de los a\u00f1os 90 con puntas hacia adentro."},"content":{"rendered":"<p><strong>El Regreso del Bob: Una Mirada a las Tendencias de Peinado y su Impacto en el Turismo<\/strong><\/p>\n<p>En el vasto mundo del turismo, no solo los destinos y las culturas juegan un papel fundamental, sino que tambi\u00e9n las tendencias de moda y belleza han encontrado su lugar destacado entre los viajeros. Un fen\u00f3meno que ha resurgido con fuerza en los \u00faltimos tiempos es el corte de cabello bob, una opci\u00f3n que evoca nostalgia y elegancia, llev\u00e1ndonos a los vibrantes a\u00f1os 90. Pero, \u00bfqu\u00e9 tiene que ver este estilo con el turismo? \u00bfY por qu\u00e9 los viajeros est\u00e1n tan interesados en adoptarlo?<\/p>\n<p>Los a\u00f1os 90 fueron un per\u00edodo definitorio en la moda, lleno de audaces experimentos y un estilo \u00fanico que ha inspirado a varias generaciones. El corte bob, por su parte, se ha transformado en un s\u00edmbolo de cambio y modernidad, representando una ruptura con las largas melenas de d\u00e9cadas anteriores. La reciente popularidad de este estilo ha sido avivada por personalidades influyentes, quienes lo han llevado nuevamente a la moda. Inspirar a los que buscan reinventar su imagen durante sus vacaciones puede ser un atractivo adicional para los destinos tur\u00edsticos.<\/p>\n<p>La idea de recolectar experiencias est\u00e9ticas durante un viaje ha cobrado vida. Cada vez m\u00e1s, los turistas buscan no solo explorar paisajes ex\u00f3ticos y sumergirse en culturas desconocidas, sino tambi\u00e9n personalizar su apariencia para reflejar el esp\u00edritu del lugar que visitan. Al optar por un corte fresco y juvenil como el bob, muchos encuentran un s\u00edmbolo de su renovaci\u00f3n personal, un recordatorio tangible de su aventura.<\/p>\n<p>Los salones de belleza en ciudades ic\u00f3nicas como Par\u00eds, Nueva York y Tokio est\u00e1n viviendo un resurgimiento gracias a esta tendencia, convirti\u00e9ndose en paradas obligatorias para quienes desean no solo un nuevo look, sino tambi\u00e9n una experiencia \u00fanica. Imaginemos a un viajero que entra en un acogedor sal\u00f3n en un vecindario de moda, donde estilistas expertos ofrecen no solo un corte, sino tambi\u00e9n consejos sobre c\u00f3mo cuidar ese nuevo estilo mientras exploran la ciudad. Este tipo de experiencia a\u00f1ade una dimensi\u00f3n adicional al viaje, convirtiendo cada cambio de imagen en una historia que contar.<\/p>\n<p>Adem\u00e1s, el bob es un estilo adaptable que se puede personalizar f\u00e1cilmente. Desde cortes asim\u00e9tricos hasta versiones m\u00e1s cl\u00e1sicas, cada viajero puede encontrar la variante que se ajuste a su personalidad. As\u00ed, el act of getting a haircut becomes an integral part of the journey, where the transformation of one\u2019s appearance mirrors the exploration of a new world.<\/p>\n<p>A medida que m\u00e1s viajeros buscan conectarse no solo con destinos, sino tambi\u00e9n con su evoluci\u00f3n personal, es fascinante ver c\u00f3mo el turismo contin\u00faa adapt\u00e1ndose a estas tendencias. Desde paquetes tur\u00edsticos que incluyen tratamientos de belleza hasta talleres de estilo en distintas ciudades, el turismo est\u00e9tico est\u00e1 en auge, y cortes como el bob est\u00e1n liderando la tendencia.<\/p>\n<p>Al final del d\u00eda, el viaje no se trata solo de los lugares que vemos, sino de c\u00f3mo esos lugares nos transforman. As\u00ed, el bob, con su elegante simplicidad, se convierte en un s\u00edmbolo de la belleza del cambio y de las nuevas experiencias que nos esperan en cada rinc\u00f3n del mundo. \u00bfQui\u00e9n sabe? Un nuevo estilo puede ser justo lo que necesitamos para recordar que, en cada destino, hay una parte de nosotros que est\u00e1 lista para ser redescubierta.<\/p>\n<p><em> &#8221; Sources www.vogue.mx &#8221; <\/em><\/p>\n<p><em> &#8221; Fuentes www.vogue.mx &#8221; <\/em><\/p>\n","protected":false},"excerpt":{"rendered":"<p>El Regreso del Bob: Una Mirada a las Tendencias de Peinado y su Impacto en el Turismo En el vasto mundo del turismo, no solo los destinos y las culturas juegan un papel fundamental, sino que tambi\u00e9n las tendencias de moda y belleza han encontrado su lugar destacado entre los viajeros. Un fen\u00f3meno que ha [&hellip;]<\/p>\n","protected":false},"author":4,"featured_media":931982,"comment_status":"open","ping_status":"closed","sticky":false,"template":"","format":"standard","meta":{"om_disable_all_campaigns":false,"jnews-multi-image_gallery":[],"jnews_single_post":[],"jnews_primary_category":[],"jnews_social_meta":[],"footnotes":""},"categories":[144872],"tags":[88277,39783,6446,210128,200508,206174,210129,101300,2182],"class_list":["post-931981","post","type-post","status-publish","format-standard","has-post-thumbnail","hentry","category-fashion","tag-90s","tag-cabello","tag-celebridades","tag-corte-bob","tag-cortes-de-cabello","tag-peinado","tag-puntas-hacia-adentro","tag-selena-gomez","tag-tendencias"],"_links":{"self":[{"href":"https:\/\/dimensionturistica.com\/es\/wp-json\/wp\/v2\/posts\/931981","targetHints":{"allow":["GET"]}}],"collection":[{"href":"https:\/\/dimensionturistica.com\/es\/wp-json\/wp\/v2\/posts"}],"about":[{"href":"https:\/\/dimensionturistica.com\/es\/wp-json\/wp\/v2\/types\/post"}],"author":[{"embeddable":true,"href":"https:\/\/dimensionturistica.com\/es\/wp-json\/wp\/v2\/users\/4"}],"replies":[{"embeddable":true,"href":"https:\/\/dimensionturistica.com\/es\/wp-json\/wp\/v2\/comments?post=931981"}],"version-history":[{"count":0,"href":"https:\/\/dimensionturistica.com\/es\/wp-json\/wp\/v2\/posts\/931981\/revisions"}],"wp:featuredmedia":[{"embeddable":true,"href":"https:\/\/dimensionturistica.com\/es\/wp-json\/wp\/v2\/media\/931982"}],"wp:attachment":[{"href":"https:\/\/dimensionturistica.com\/es\/wp-json\/wp\/v2\/media?parent=931981"}],"wp:term":[{"taxonomy":"category","embeddable":true,"href":"https:\/\/dimensionturistica.com\/es\/wp-json\/wp\/v2\/categories?post=931981"},{"taxonomy":"post_tag","embeddable":true,"href":"https:\/\/dimensionturistica.com\/es\/wp-json\/wp\/v2\/tags?post=931981"}],"curies":[{"name":"wp","href":"https:\/\/api.w.org\/{rel}","templated":true}]}}