{"id":93097,"date":"2021-03-09T20:40:44","date_gmt":"2021-03-09T20:40:44","guid":{"rendered":"https:\/\/dimensionturistica.com\/es\/?p=93097"},"modified":"2021-03-09T20:40:44","modified_gmt":"2021-03-09T20:40:44","slug":"costa-cruceros-ofrecera-pcr-a-bordo-por-40-euros-noticias-de-agencias-de-viajes","status":"publish","type":"post","link":"https:\/\/dimensionturistica.com\/es\/costa-cruceros-ofrecera-pcr-a-bordo-por-40-euros-noticias-de-agencias-de-viajes\/","title":{"rendered":"Costa Cruceros ofrecer\u00e1 PCR a bordo por 40 euros | Noticias de Agencias de viajes"},"content":{"rendered":"<p> <br \/>\n<\/p>\n<div>\n<p><a rel=\"nofollow noopener\" target=\"_blank\" href=\"https:\/\/dimensionturistica.com\/es\/wp-content\/uploads\/2021\/03\/Costa-Cruceros-ofrecera-PCR-a-bordo-por-40-euros.jpg\"><img decoding=\"async\" class=\"aligncenter wp-image-307733 size-full\" src=\"https:\/\/dimensionturistica.com\/es\/wp-content\/uploads\/2021\/03\/Costa-Cruceros-ofrecera-PCR-a-bordo-por-40-euros.jpg\" alt=\"\" width=\"600\" height=\"382\"  \/><\/a><\/p>\n<p>Costa Cruceros ultima los preparativos para su regreso, previsto para el 27 de marzo con el Costa Smeralda. Coincidiendo con la reanudaci\u00f3n de sus operaciones, la compa\u00f1\u00eda pondr\u00e1 en marcha una novedosa iniciativa incluida en su protocolo de seguridad (<a rel=\"nofollow noopener\" target=\"_blank\" href=\"https:\/\/www.preferente.com\/noticias-de-agencias-de-viajes\/costa-cruceros-planea-volver-a-espana-en-mayo-307238.html\">Costa Cruceros planea volver a Espa\u00f1a a partir de mayo<\/a>).<\/p>\n<p>Se trata de la realizaci\u00f3n de pruebas PCR a bordo para aquellos viajeros que, como los espa\u00f1oles, est\u00e9n obligados a presentar un resultado negativo para su reingreso en el pa\u00eds de origen. Se har\u00e1n 72 horas previas al desembarco, con un coste de s\u00f3lo 40 euros por pasajero.<\/p>\n<p>Los resultados se entregar\u00e1n a tiempo para el desembarco y de acuerdo con las especificaciones del pa\u00eds de procedencia del pasajero. Se sumar\u00e1 a la prueba obligatoria y gratuita que Costa realiza a cada viajero y miembro de la tripulaci\u00f3n justo antes del embarque.<\/p>\n<p><!-- AddThis Advanced Settings above via filter on the_content --><!-- AddThis Advanced Settings below via filter on the_content --><!-- AddThis Advanced Settings generic via filter on the_content --><!-- AddThis Share Buttons above via filter on the_content --><!-- AddThis Share Buttons below via filter on the_content --><!-- AddThis Share Buttons generic via filter on the_content -->\t\t\t<\/div>\n\n<p><em> &#8221; Fuentes www.preferente.com &#8221; <\/em><\/p>\n","protected":false},"excerpt":{"rendered":"<p>Costa Cruceros ultima los preparativos para su regreso, previsto para el 27 de marzo con el Costa Smeralda. Coincidiendo con la reanudaci\u00f3n de sus operaciones, la compa\u00f1\u00eda pondr\u00e1 en marcha una novedosa iniciativa incluida en su protocolo de seguridad (Costa Cruceros planea volver a Espa\u00f1a a partir de mayo). Se trata de la realizaci\u00f3n de [&hellip;]<\/p>\n","protected":false},"author":4,"featured_media":93098,"comment_status":"open","ping_status":"closed","sticky":false,"template":"","format":"standard","meta":{"om_disable_all_campaigns":false,"jnews-multi-image_gallery":[],"jnews_single_post":[],"jnews_primary_category":[],"jnews_social_meta":[],"footnotes":""},"categories":[41],"tags":[],"class_list":["post-93097","post","type-post","status-publish","format-standard","has-post-thumbnail","hentry","category-cruceros"],"_links":{"self":[{"href":"https:\/\/dimensionturistica.com\/es\/wp-json\/wp\/v2\/posts\/93097","targetHints":{"allow":["GET"]}}],"collection":[{"href":"https:\/\/dimensionturistica.com\/es\/wp-json\/wp\/v2\/posts"}],"about":[{"href":"https:\/\/dimensionturistica.com\/es\/wp-json\/wp\/v2\/types\/post"}],"author":[{"embeddable":true,"href":"https:\/\/dimensionturistica.com\/es\/wp-json\/wp\/v2\/users\/4"}],"replies":[{"embeddable":true,"href":"https:\/\/dimensionturistica.com\/es\/wp-json\/wp\/v2\/comments?post=93097"}],"version-history":[{"count":0,"href":"https:\/\/dimensionturistica.com\/es\/wp-json\/wp\/v2\/posts\/93097\/revisions"}],"wp:featuredmedia":[{"embeddable":true,"href":"https:\/\/dimensionturistica.com\/es\/wp-json\/wp\/v2\/media\/93098"}],"wp:attachment":[{"href":"https:\/\/dimensionturistica.com\/es\/wp-json\/wp\/v2\/media?parent=93097"}],"wp:term":[{"taxonomy":"category","embeddable":true,"href":"https:\/\/dimensionturistica.com\/es\/wp-json\/wp\/v2\/categories?post=93097"},{"taxonomy":"post_tag","embeddable":true,"href":"https:\/\/dimensionturistica.com\/es\/wp-json\/wp\/v2\/tags?post=93097"}],"curies":[{"name":"wp","href":"https:\/\/api.w.org\/{rel}","templated":true}]}}