{"id":93050,"date":"2021-03-09T19:26:43","date_gmt":"2021-03-09T19:26:43","guid":{"rendered":"https:\/\/dimensionturistica.com\/es\/?p=93050"},"modified":"2021-03-09T19:26:43","modified_gmt":"2021-03-09T19:26:43","slug":"concluyen-obras-de-la-calle-16-de-septiembre-y-arroyo-de-las-viboras","status":"publish","type":"post","link":"https:\/\/dimensionturistica.com\/es\/concluyen-obras-de-la-calle-16-de-septiembre-y-arroyo-de-las-viboras\/","title":{"rendered":"Concluyen obras de la calle 16 de Septiembre y Arroyo de las V\u00edboras"},"content":{"rendered":"<p> <br \/>\n<\/p>\n<div>\n<div class=\"td-a-rec td-a-rec-id-content_top  tdi_14_d4c td_block_template_4\">\n<span class=\"td-adspot-title\">Todo evoluciona. Ahora somos&#8230;<\/span><\/p>\n<div class=\"td-all-devices\"><a rel=\"nofollow noopener\" target=\"_blank\" href=\"https:\/\/www.juarezadiario.com\/relacionados\/datos-y-cifras\/\"><img decoding=\"async\" src=\"https:\/\/dimensionturistica.com\/es\/wp-content\/uploads\/2021\/02\/Inicia-operativo-en-cruceros-y-avenidas.gif\"\/><\/a><\/div>\n<\/div>\n<p><strong>Los trabajos de reconstrucci\u00f3n del crucero de las avenidas 16 de Septiembre y Arroyo de las V\u00edboras quedaron concluidos, por lo cual la intersecci\u00f3n fue abierta a la circulaci\u00f3n vehicular.<\/strong><span id=\"more-174820\"\/><\/p>\n<p><strong>Ciudad Ju\u00e1rez, Chih.-<\/strong> Durante varias semanas se trabaj\u00f3 en la reposici\u00f3n de 966.34 metros cuadrados de concreto hidr\u00e1ulico de alta resistencia, a lo cual se destin\u00f3 una inversi\u00f3n del orden de 1.5 millones de pesos.<\/p>\n<p>Son siete los cruceros que se han intervenido durante el presente a\u00f1o, de los cuales cuatro ya se encuentran en uso, ya que la Direcci\u00f3n Common de Obras P\u00fablicas ha trabajado en reducir los tiempos de ejecuci\u00f3n, por instrucciones del Presidente Municipal, physician Carlos Ponce Torres.<\/p>\n<div class=\"td-a-rec td-a-rec-id-content_inlineleft  tdi_13_f07 td_block_template_4\">\n<span class=\"td-adspot-title\">&#8211; Publicidad &#8211; HP1<\/span><\/p>\n<div class=\"td-all-devices\">\n<p><noscript><a rel=\"nofollow noopener\" target=\"_blank\" href=\"https:\/\/jadtest-com.stackstaging.com\/admanager\/www\/delivery\/ck.php?n=b1bcbd6\"><img decoding=\"async\" border=\"0\" alt=\"\" src=\"https:\/\/dimensionturistica.com\/es\/wp-content\/uploads\/2021\/03\/Concluyen-obras-de-la-calle-16-de-Septiembre-y-Arroyo.php.gif\"\/><\/a><\/noscript><\/p>\n<\/div>\n<\/div>\n<p>Hasta el momento los cruces que han sido liberados a la circulaci\u00f3n de autom\u00f3viles son, Valent\u00edn Fuentes y Pedro Rosales de Le\u00f3n, bulevar Zaragoza y Capul\u00edn y 16 de Septiembre en sus cruces con, calle Cadmio y Arroyo de las V\u00edboras.<\/p>\n<p>Contin\u00faan las obras en Plutarco El\u00edas Calles y Simona Barba y Margarito Herrera en sus cruces con Ram\u00f3n Ray\u00f3n y Palacio de Mitla.<\/p>\n<p>Para la segunda etapa del programa de reconstrucci\u00f3n de cruceros, el Gobierno Municipal destin\u00f3 m\u00e1s de 15.6 millones de pesos.<\/p>\n<p>Por su parte la Direcci\u00f3n Common de Obras P\u00fablicas solicit\u00f3 a la comunidad, extremar precauciones al transitar por las zonas que contin\u00faan en intervenci\u00f3n, las cuales ser\u00e1n liberadas en los pr\u00f3ximos d\u00edas.<\/p>\n<div id=\"mab-9555050188\" class=\"m-a-box \" data-plugin-release=\"4.2.16\" data-plugin-version=\"free\" data-box-layout=\"slim\" data-box-position=\"below\" data-multiauthor=\"false\" data-author-type=\"user\" itemscope=\"\" itemtype=\"https:\/\/schema.org\/Person\" style=\"width: 100%;            margin: 20px auto;\">\n<div class=\"m-a-box-container&#10;                                molongui-border-style-solid                molongui-border-width-0-px&#10;                m-a-box-shadow-none\" style=\"border-color: inherit;                background-color: inherit;\">\n<div class=\"m-a-box-tab m-a-box-content m-a-box-profile\" data-profile-layout=\"layout-1\" data-author-ref=\"user-58\">\n<div class=\"m-a-box-content-middle\">\n<div class=\"m-a-box-item m-a-box-avatar \">\n<a rel=\"nofollow noopener\" target=\"_blank\" href=\"https:\/\/www.juarezadiario.com\/autor\/agencias\/\"><br \/>\n<img decoding=\"async\" width=\"150\" height=\"150\" src=\"https:\/\/i0.wp.com\/www.juarezadiario.com\/wp-content\/uploads\/2016\/03\/iconoJaD-02.png?fit=150%2C150&amp;ssl=1\" class=\"m-radius-circled molongui-border-style-solid molongui-border-width-2-px jetpack-lazy-image\" alt=\"\" loading=\"lazy\" style=\"border-color:;\" itemprop=\"image\" data-attachment-id=\"16302\" data-permalink=\"https:\/\/www.juarezadiario.com\/iconojad-02\/\" data-orig-file=\"https:\/\/i0.wp.com\/www.juarezadiario.com\/wp-content\/uploads\/2016\/03\/iconoJaD-02.png?fit=512%2C512&amp;ssl=1\" data-orig-size=\"512,512\" data-comments-opened=\"1\" data-image-meta=\"{&quot;aperture&quot;:&quot;0&quot;,&quot;credit&quot;:&quot;&quot;,&quot;camera&quot;:&quot;&quot;,&quot;caption&quot;:&quot;&quot;,&quot;created_timestamp&quot;:&quot;0&quot;,&quot;copyright&quot;:&quot;&quot;,&quot;focal_length&quot;:&quot;0&quot;,&quot;iso&quot;:&quot;0&quot;,&quot;shutter_speed&quot;:&quot;0&quot;,&quot;title&quot;:&quot;&quot;,&quot;orientation&quot;:&quot;0&quot;}\" data-image-title=\"icono logo juarez a diario\" data-image-description=\"\" data-medium-file=\"https:\/\/i0.wp.com\/www.juarezadiario.com\/wp-content\/uploads\/2016\/03\/iconoJaD-02.png?fit=300%2C300&amp;ssl=1\" data-large-file=\"https:\/\/i0.wp.com\/www.juarezadiario.com\/wp-content\/uploads\/2016\/03\/iconoJaD-02.png?fit=512%2C512&amp;ssl=1\" data-lazy- data-lazy- data-lazy-src=\"https:\/\/dimensionturistica.com\/es\/wp-content\/uploads\/2021\/03\/Concluyen-obras-de-la-calle-16-de-Septiembre-y-Arroyo.png\" \/> <\/a>\n<\/div>\n<div class=\"m-a-box-item m-a-box-data \">\n<p><h5 class=\"molongui-font-size-18-px&#10;&#9;        molongui-text-align-left                        molongui-text-case-none\" style=\"color: inherit\" itemprop=\"name\">\n<span class=\"molongui-font-size-18-px molongui-text-align-left\" style=\"color:inherit;\"><br \/>\nRedacci\u00f3n ADN \/ Agencias <\/span><br \/>\n<\/h5>\n<\/p>\n<div class=\"m-a-box-bio\" itemprop=\"description\">\n<div class=\"molongui-font-size-11-px molongui-text-align-justify  molongui-text-style-normal molongui-line-height-10\" style=\"color: inherit\">\n<p>\u00bfQuieres compartir informaci\u00f3n o enviar boletines de prensa?<br \/>Env\u00edanos un correo.<\/p>\n<p>\u00bfTienes dudas? \u00bfNecesitas verificar alguna noticia?<br \/>No dudes en enviarnos un correo,\u00a0con gusto la verificamos por t\u00ed.<\/p>\n<p>S\u00edguenos en nuestras redes sociales.<\/p>\n<\/div>\n<\/div>\n<\/div>\n<\/div><\/div>\n<\/div>\n<\/div>\n<div class=\"td-a-rec td-a-rec-id-content_bottom  tdi_15_044 td_block_template_4\">\n<span class=\"td-adspot-title\">Apoya el periodismo sin compromisos en el que conf\u00edan los chihuahuenses. Patrocina ahora.<\/span><\/p>\n<div class=\"td-all-devices\"><a rel=\"nofollow noopener\" target=\"_blank\" href=\"https:\/\/www.juarezadiario.com\/media-kit\/patrocinios\/\"><img decoding=\"async\" src=\"https:\/\/dimensionturistica.com\/es\/wp-content\/uploads\/2020\/09\/1601091044_313_Arranca-reconstruccion-de-cruceros-Juarez-Porvenir-y-Riberas-del-Bravo.jpg\"\/><\/a><\/div>\n<\/div><\/div>\n<p><script>(function(d, s, id) {\n  var js, fjs = d.getElementsByTagName(s)[0];\n  if (d.getElementById(id)) return;\n  js = d.createElement(s); js.id = id;\n  js.src = \"https:\/\/connect.facebook.net\/es_LA\/sdk.js#xfbml=1&version=v2.6&appId=532358043497444\";\n  fjs.parentNode.insertBefore(js, fjs);\n}(document, 'script', 'facebook-jssdk'));<\/script><script>(function(d, s, id) {\n\t\t\t\tvar js, fjs = d.getElementsByTagName(s)[0];\n\t\t\t\tif (d.getElementById(id)) return;\n\t\t\t\tjs = d.createElement(s); js.id = id;\n\t\t\t\tjs.async=true; js.src = \"https:\/\/connect.facebook.net\/es_MX\/sdk.js#xfbml=1&version=v4.0\";\n\t\t\t\tfjs.parentNode.insertBefore(js, fjs);\n\t\t\t} ( document, 'script', 'facebook-jssdk' ) );<\/script><script>(function(d, s, id) {\n          var js, fjs = d.getElementsByTagName(s)[0];\n          if (d.getElementById(id)) return;\n          js = d.createElement(s); js.id = id;\n          js.src = \"https:\/\/connect.facebook.net\/es_MX\/sdk.js#xfbml=1&appId=532358043497444&version=v2.3\";\n          fjs.parentNode.insertBefore(js, fjs);\n        }(document, 'script', 'facebook-jssdk'));<\/script><br \/>\n<br \/><\/p>\n<p><em> &#8221; Fuentes www.juarezadiario.com &#8221; <\/em><\/p>\n","protected":false},"excerpt":{"rendered":"<p>Todo evoluciona. Ahora somos&#8230; Los trabajos de reconstrucci\u00f3n del crucero de las avenidas 16 de Septiembre y Arroyo de las V\u00edboras quedaron concluidos, por lo cual la intersecci\u00f3n fue abierta a la circulaci\u00f3n vehicular. Ciudad Ju\u00e1rez, Chih.- Durante varias semanas se trabaj\u00f3 en la reposici\u00f3n de 966.34 metros cuadrados de concreto hidr\u00e1ulico de alta resistencia, [&hellip;]<\/p>\n","protected":false},"author":4,"featured_media":85713,"comment_status":"open","ping_status":"closed","sticky":false,"template":"","format":"standard","meta":{"om_disable_all_campaigns":false,"jnews-multi-image_gallery":[],"jnews_single_post":[],"jnews_primary_category":[],"jnews_social_meta":[],"footnotes":""},"categories":[41],"tags":[],"class_list":["post-93050","post","type-post","status-publish","format-standard","has-post-thumbnail","hentry","category-cruceros"],"_links":{"self":[{"href":"https:\/\/dimensionturistica.com\/es\/wp-json\/wp\/v2\/posts\/93050","targetHints":{"allow":["GET"]}}],"collection":[{"href":"https:\/\/dimensionturistica.com\/es\/wp-json\/wp\/v2\/posts"}],"about":[{"href":"https:\/\/dimensionturistica.com\/es\/wp-json\/wp\/v2\/types\/post"}],"author":[{"embeddable":true,"href":"https:\/\/dimensionturistica.com\/es\/wp-json\/wp\/v2\/users\/4"}],"replies":[{"embeddable":true,"href":"https:\/\/dimensionturistica.com\/es\/wp-json\/wp\/v2\/comments?post=93050"}],"version-history":[{"count":0,"href":"https:\/\/dimensionturistica.com\/es\/wp-json\/wp\/v2\/posts\/93050\/revisions"}],"wp:featuredmedia":[{"embeddable":true,"href":"https:\/\/dimensionturistica.com\/es\/wp-json\/wp\/v2\/media\/85713"}],"wp:attachment":[{"href":"https:\/\/dimensionturistica.com\/es\/wp-json\/wp\/v2\/media?parent=93050"}],"wp:term":[{"taxonomy":"category","embeddable":true,"href":"https:\/\/dimensionturistica.com\/es\/wp-json\/wp\/v2\/categories?post=93050"},{"taxonomy":"post_tag","embeddable":true,"href":"https:\/\/dimensionturistica.com\/es\/wp-json\/wp\/v2\/tags?post=93050"}],"curies":[{"name":"wp","href":"https:\/\/api.w.org\/{rel}","templated":true}]}}