{"id":930345,"date":"2025-02-18T08:13:40","date_gmt":"2025-02-18T08:13:40","guid":{"rendered":"https:\/\/dimensionturistica.com\/es\/?p=930345"},"modified":"2025-02-18T08:13:40","modified_gmt":"2025-02-18T08:13:40","slug":"evita-estos-lugares-en-tu-lista-de-viajes-para-este-ano","status":"publish","type":"post","link":"https:\/\/dimensionturistica.com\/es\/evita-estos-lugares-en-tu-lista-de-viajes-para-este-ano\/","title":{"rendered":"Evita estos lugares en tu lista de viajes para este a\u00f1o"},"content":{"rendered":"<h3>Destinos a Evitar: La Gu\u00eda de Turismo Responsable para 2025<\/h3>\n<p>El mundo del turismo est\u00e1 en constante evoluci\u00f3n, y con \u00e9l, nuestras actitudes hacia los destinos que elegimos visitar. Con la creciente conciencia sobre el impacto ambiental y social del turismo, ha surgido una lista de destinos que, por diversas razones, debemos reconsiderar al planear nuestras pr\u00f3ximas escapadas. A medida que nos acercamos a 2025, es importante entender no solo d\u00f3nde viajar, sino tambi\u00e9n d\u00f3nde no hacerlo.<\/p>\n<h4>La Huella del Turismo Masivo<\/h4>\n<p>Los destinos que se encuentran en la denominada &quot;lista negra&quot; comparten caracter\u00edsticas comunes: sobrepoblaci\u00f3n, da\u00f1o ambiental y descontento local. Ciudades paradis\u00edacas que anta\u00f1o promet\u00edan tranquilidad se han visto ahogadas por la masificaci\u00f3n, donde la autenticidad se diluye bajo el peso de las multitudes y los intereses comerciales. Este fen\u00f3meno no solo afecta la calidad de la experiencia del viajero, sino que tambi\u00e9n repercute en la vida cotidiana de los residentes.<\/p>\n<h4>Impacto Ambiental: M\u00e1s All\u00e1 del Paisaje<\/h4>\n<p>La presi\u00f3n que el turismo ejerce sobre los recursos naturales es uno de los aspectos m\u00e1s preocupantes. Regiones que dependen del agua dulce para abastecer a su poblaci\u00f3n ahora lidian con la falta de este recurso vital, debido a la alta demanda de los turistas. En lugares como ciertas islas del Caribe o destinos europeos, los ecosistemas locales est\u00e1n sufriendo por la erosi\u00f3n y la contaminaci\u00f3n provocadas por el crecimiento desmedido de la infraestructura relacionada con el turismo.<\/p>\n<h4>Estrategias para un Turismo Sostenible<\/h4>\n<p>Ante este panorama, surge la pregunta: \u00bfc\u00f3mo podemos viajar de manera responsable? Muchos expertos sugieren optar por destinos menos conocidos que promuevan un turismo sostenible. Al elegir visitar comunidades locales que valoran su cultura y entorno, no solo se disfruta de una experiencia aut\u00e9ntica, sino que tambi\u00e9n se contribuye al bienestar econ\u00f3mico de esas \u00e1reas.<\/p>\n<h4>La Elecci\u00f3n de lo Local<\/h4>\n<p>Un turismo responsable implica una huella m\u00e1s ligera y el respeto por las comunidades que visitamos. Optar por alojamientos que practiquen la sostenibilidad, como hoteles que utilizan energ\u00eda renovable o que apoyan iniciativas de conservaci\u00f3n, es un excelente primer paso. Adem\u00e1s, involucrarse en actividades que favorezcan al comercio local, como degustar la gastronom\u00eda regional o participar en talleres de artesan\u00eda, enriquece tanto el viaje como el entorno que lo sostiene.<\/p>\n<h4>Reflexiones Finales<\/h4>\n<p>Mientras nos adentramos en este nuevo era del turismo, es crucial que cada uno de nosotros asuma la responsabilidad de nuestras elecciones. La idea de un viaje memorable no debe centrarse \u00fanicamente en los destinos m\u00e1s populares, sino en aquellos que nos conectan con el mundo de una manera m\u00e1s significativa. Al evitar los lugares que han sucumbido a la explotaci\u00f3n y el turismo masivo, estamos dando un paso hacia un futuro donde la exploraci\u00f3n y la conservaci\u00f3n coexisten en armon\u00eda.<\/p>\n<p>En conclusi\u00f3n, viajar en 2025 deber\u00eda ser una oportunidad para redescubrir la belleza que a\u00fan queda por explorar, pero con una responsabilidad inquebrantable hacia el planeta y sus habitantes. As\u00ed, nuestros viajes se convertir\u00e1n en un legado positivo para las generaciones venideras.<\/p>\n<p><em> &#8221; Sources www.elplural.com &#8221; <\/em><\/p>\n<p><em> &#8221; Fuentes www.elplural.com &#8221; <\/em><\/p>\n","protected":false},"excerpt":{"rendered":"<p>Destinos a Evitar: La Gu\u00eda de Turismo Responsable para 2025 El mundo del turismo est\u00e1 en constante evoluci\u00f3n, y con \u00e9l, nuestras actitudes hacia los destinos que elegimos visitar. Con la creciente conciencia sobre el impacto ambiental y social del turismo, ha surgido una lista de destinos que, por diversas razones, debemos reconsiderar al planear [&hellip;]<\/p>\n","protected":false},"author":4,"featured_media":930346,"comment_status":"open","ping_status":"closed","sticky":false,"template":"","format":"standard","meta":{"om_disable_all_campaigns":false,"jnews-multi-image_gallery":[],"jnews_single_post":[],"jnews_primary_category":[],"jnews_social_meta":[],"footnotes":""},"categories":[39],"tags":[13282,1228,1979,986,544,1861,545],"class_list":["post-930345","post","type-post","status-publish","format-standard","has-post-thumbnail","hentry","category-viajes","tag-13282","tag-destinos","tag-recomendaciones","tag-seguridad","tag-turismo","tag-vacaciones","tag-viajes"],"_links":{"self":[{"href":"https:\/\/dimensionturistica.com\/es\/wp-json\/wp\/v2\/posts\/930345","targetHints":{"allow":["GET"]}}],"collection":[{"href":"https:\/\/dimensionturistica.com\/es\/wp-json\/wp\/v2\/posts"}],"about":[{"href":"https:\/\/dimensionturistica.com\/es\/wp-json\/wp\/v2\/types\/post"}],"author":[{"embeddable":true,"href":"https:\/\/dimensionturistica.com\/es\/wp-json\/wp\/v2\/users\/4"}],"replies":[{"embeddable":true,"href":"https:\/\/dimensionturistica.com\/es\/wp-json\/wp\/v2\/comments?post=930345"}],"version-history":[{"count":0,"href":"https:\/\/dimensionturistica.com\/es\/wp-json\/wp\/v2\/posts\/930345\/revisions"}],"wp:featuredmedia":[{"embeddable":true,"href":"https:\/\/dimensionturistica.com\/es\/wp-json\/wp\/v2\/media\/930346"}],"wp:attachment":[{"href":"https:\/\/dimensionturistica.com\/es\/wp-json\/wp\/v2\/media?parent=930345"}],"wp:term":[{"taxonomy":"category","embeddable":true,"href":"https:\/\/dimensionturistica.com\/es\/wp-json\/wp\/v2\/categories?post=930345"},{"taxonomy":"post_tag","embeddable":true,"href":"https:\/\/dimensionturistica.com\/es\/wp-json\/wp\/v2\/tags?post=930345"}],"curies":[{"name":"wp","href":"https:\/\/api.w.org\/{rel}","templated":true}]}}