{"id":930271,"date":"2025-02-18T02:50:45","date_gmt":"2025-02-18T02:50:45","guid":{"rendered":"https:\/\/dimensionturistica.com\/es\/?p=930271"},"modified":"2025-02-18T02:50:45","modified_gmt":"2025-02-18T02:50:45","slug":"descubre-los-tesoros-que-caldas-exhibira-en-la-principal-muestra-turistica-del-pais","status":"publish","type":"post","link":"https:\/\/dimensionturistica.com\/es\/descubre-los-tesoros-que-caldas-exhibira-en-la-principal-muestra-turistica-del-pais\/","title":{"rendered":"Descubre los tesoros que Caldas exhibir\u00e1 en la principal muestra tur\u00edstica del pa\u00eds."},"content":{"rendered":"<p><strong>Un Viaje a los Tesoros de Caldas: La Vitrina Tur\u00edstica que No Puedes Perderte<\/strong><\/p>\n<p>En el coraz\u00f3n de Colombia, el departamento de Caldas se prepara para deslumbrar a los visitantes con su impresionante patrimonio cultural y natural en una de las ferias tur\u00edsticas m\u00e1s importantes del pa\u00eds. Este evento anual se convierte en un escaparate ideal para que los rincones menos conocidos de esta regi\u00f3n, cargados de historia y belleza, brillen con luz propia. <\/p>\n<p>Caldas, famoso por su caf\u00e9 de alta calidad, tambi\u00e9n alberga un legado cultural que incluye danzas, festivales y tradiciones que merecen ser exploradas. En la pr\u00f3xima vitrina tur\u00edstica, el departamento presentar\u00e1 una muestra \u00fanica que invita a los visitantes a sumergirse en la esencia aut\u00e9ntica de su gente y su territorio. Desde la majestuosidad de sus paisajes monta\u00f1osos hasta la calidez de su gente, Caldas tiene todo para conquistar los corazones de quienes se atrevan a descubrirlo.<\/p>\n<p>Entre las joyas que se exhibir\u00e1n, destacan las experiencias tur\u00edsticas vinculadas a la producci\u00f3n del caf\u00e9, una de las principales actividades econ\u00f3micas de la regi\u00f3n. Los visitantes tendr\u00e1n la oportunidad de conocer de cerca el proceso de cosecha y producci\u00f3n, as\u00ed como participar en catas que deleitar\u00e1n su paladar con los sabores caracter\u00edsticos de este elixir. Adem\u00e1s, podr\u00e1n interactuar con los campesinos que han hecho de esta tradici\u00f3n un arte de vida, compartiendo an\u00e9cdotas y conocimientos que enriquecen la experiencia.<\/p>\n<p>No menos importante es la invitaci\u00f3n a explorar los imperdibles parajes naturales que ofrece Caldas. Desde las termales que brotan de la tierra, ideales para relajarse tras un largo d\u00eda de aventuras, hasta los senderos que recorren parques naturales como el Parque Nacional Natural Los Nevados, donde la belleza de la fauna y flora es simplemente alucinante. Cada rinc\u00f3n de Caldas promete ser un refugio para los amantes de la naturaleza y los buscadores de aventuras.<\/p>\n<p>La cultura tambi\u00e9n juega un papel preponderante en esta vitrina tur\u00edstica. Las muestras de m\u00fasica tradicional, danzas folcl\u00f3ricas y artesan\u00edas locales transformar\u00e1n el evento en una verdadera celebraci\u00f3n de la identidad caldense. Esta manifestaci\u00f3n art\u00edstica no solo se remite a lo visual, sino que invita al di\u00e1logo y la interacci\u00f3n, haciendo de cada visita una experiencia enriquecedora que perdurar\u00e1 en la memoria de los visitantes.<\/p>\n<p>Adem\u00e1s de su rica oferta cultural y natural, Caldas se presenta como un destino accesible, ideal para aquellos que buscan escaparse de la rutina sin alejarse demasiado del centro del pa\u00eds. Su localizaci\u00f3n estrat\u00e9gica permite que sea f\u00e1cilmente alcanzable, ya sea por carretera o v\u00eda a\u00e9rea, lo que la convierte en una opci\u00f3n atractiva para viajeros de todas partes.<\/p>\n<p>Caldas no solo es un destino, es un mundo por descubrir que promete no solo satisfacer al viajero \u00e1vido de nuevas experiencias, sino tambi\u00e9n dejar una huella imborrable en su coraz\u00f3n. As\u00ed que, si piensas en tu pr\u00f3xima aventura tur\u00edstica, no olvides que esta joya colombiana est\u00e1 a la espera de revelarte todos sus secretos. Sin duda, la vitrina tur\u00edstica ser\u00e1 el punto de partida para quienes deseen explorar todo lo que este encantador departamento tiene para ofrecer. \u00a1Prep\u00e1rate para una traves\u00eda inolvidable en el coraz\u00f3n de Colombia!<\/p>\n<p><em> &#8221; Sources www.lapatria.com &#8221; <\/em><\/p>\n<p><em> &#8221; Sources www.lapatria.com &#8221; <\/em><\/p>\n","protected":false},"excerpt":{"rendered":"<p>Un Viaje a los Tesoros de Caldas: La Vitrina Tur\u00edstica que No Puedes Perderte En el coraz\u00f3n de Colombia, el departamento de Caldas se prepara para deslumbrar a los visitantes con su impresionante patrimonio cultural y natural en una de las ferias tur\u00edsticas m\u00e1s importantes del pa\u00eds. Este evento anual se convierte en un escaparate [&hellip;]<\/p>\n","protected":false},"author":4,"featured_media":930272,"comment_status":"open","ping_status":"closed","sticky":false,"template":"","format":"standard","meta":{"om_disable_all_campaigns":false,"jnews-multi-image_gallery":[],"jnews_single_post":[],"jnews_primary_category":[],"jnews_social_meta":[],"footnotes":""},"categories":[40],"tags":[86093,771,662,50601,1322,21535,544,38974],"class_list":["post-930271","post","type-post","status-publish","format-standard","has-post-thumbnail","hentry","category-industria","tag-caldas","tag-colombia","tag-cultura","tag-exhibicion","tag-patrimonio","tag-tesoros","tag-turismo","tag-vitrina-turistica"],"_links":{"self":[{"href":"https:\/\/dimensionturistica.com\/es\/wp-json\/wp\/v2\/posts\/930271","targetHints":{"allow":["GET"]}}],"collection":[{"href":"https:\/\/dimensionturistica.com\/es\/wp-json\/wp\/v2\/posts"}],"about":[{"href":"https:\/\/dimensionturistica.com\/es\/wp-json\/wp\/v2\/types\/post"}],"author":[{"embeddable":true,"href":"https:\/\/dimensionturistica.com\/es\/wp-json\/wp\/v2\/users\/4"}],"replies":[{"embeddable":true,"href":"https:\/\/dimensionturistica.com\/es\/wp-json\/wp\/v2\/comments?post=930271"}],"version-history":[{"count":0,"href":"https:\/\/dimensionturistica.com\/es\/wp-json\/wp\/v2\/posts\/930271\/revisions"}],"wp:featuredmedia":[{"embeddable":true,"href":"https:\/\/dimensionturistica.com\/es\/wp-json\/wp\/v2\/media\/930272"}],"wp:attachment":[{"href":"https:\/\/dimensionturistica.com\/es\/wp-json\/wp\/v2\/media?parent=930271"}],"wp:term":[{"taxonomy":"category","embeddable":true,"href":"https:\/\/dimensionturistica.com\/es\/wp-json\/wp\/v2\/categories?post=930271"},{"taxonomy":"post_tag","embeddable":true,"href":"https:\/\/dimensionturistica.com\/es\/wp-json\/wp\/v2\/tags?post=930271"}],"curies":[{"name":"wp","href":"https:\/\/api.w.org\/{rel}","templated":true}]}}