{"id":93019,"date":"2021-03-09T18:35:55","date_gmt":"2021-03-09T18:35:55","guid":{"rendered":"https:\/\/dimensionturistica.com\/es\/?p=93019"},"modified":"2021-03-09T18:35:55","modified_gmt":"2021-03-09T18:35:55","slug":"royal-caribbean-aplaza-a-junio-la-reanudacion-de-la-mayoria-de-sus-cruceros-economia-edicion-america","status":"publish","type":"post","link":"https:\/\/dimensionturistica.com\/es\/royal-caribbean-aplaza-a-junio-la-reanudacion-de-la-mayoria-de-sus-cruceros-economia-edicion-america\/","title":{"rendered":"Royal Caribbean aplaza a junio la reanudaci\u00f3n de la mayor\u00eda de sus cruceros | Econom\u00eda | Edici\u00f3n Am\u00e9rica"},"content":{"rendered":"<p> <br \/>\n<\/p>\n<div id=\"div_texto\" itemprop=\"articleBody\">\n<p>La firma de cruceros Royal Caribbean anunci\u00f3 este martes que la mayor parte de su flota reanudar\u00e1 operaciones el 1 de junio, un mes m\u00e1s tarde de lo que estaba previsto, debido a la situaci\u00f3n creada por la covid-19. <\/p>\n<p>De esta extensi\u00f3n de la suspensi\u00f3n de viajes est\u00e1n excluidos los barcos Quantum, Spectrum, Voyager y Odyssey of the Seas, seg\u00fan un anuncio hecho por la compa\u00f1\u00eda a sus clientes.  <\/p>\n<\/div>\n\n<p><em> &#8221; Fuentes www.efe.com &#8221; <\/em><\/p>\n","protected":false},"excerpt":{"rendered":"<p>La firma de cruceros Royal Caribbean anunci\u00f3 este martes que la mayor parte de su flota reanudar\u00e1 operaciones el 1 de junio, un mes m\u00e1s tarde de lo que estaba previsto, debido a la situaci\u00f3n creada por la covid-19. De esta extensi\u00f3n de la suspensi\u00f3n de viajes est\u00e1n excluidos los barcos Quantum, Spectrum, Voyager y [&hellip;]<\/p>\n","protected":false},"author":4,"featured_media":93020,"comment_status":"open","ping_status":"closed","sticky":false,"template":"","format":"standard","meta":{"om_disable_all_campaigns":false,"jnews-multi-image_gallery":[],"jnews_single_post":[],"jnews_primary_category":[],"jnews_social_meta":[],"footnotes":""},"categories":[41],"tags":[],"class_list":["post-93019","post","type-post","status-publish","format-standard","has-post-thumbnail","hentry","category-cruceros"],"_links":{"self":[{"href":"https:\/\/dimensionturistica.com\/es\/wp-json\/wp\/v2\/posts\/93019","targetHints":{"allow":["GET"]}}],"collection":[{"href":"https:\/\/dimensionturistica.com\/es\/wp-json\/wp\/v2\/posts"}],"about":[{"href":"https:\/\/dimensionturistica.com\/es\/wp-json\/wp\/v2\/types\/post"}],"author":[{"embeddable":true,"href":"https:\/\/dimensionturistica.com\/es\/wp-json\/wp\/v2\/users\/4"}],"replies":[{"embeddable":true,"href":"https:\/\/dimensionturistica.com\/es\/wp-json\/wp\/v2\/comments?post=93019"}],"version-history":[{"count":0,"href":"https:\/\/dimensionturistica.com\/es\/wp-json\/wp\/v2\/posts\/93019\/revisions"}],"wp:featuredmedia":[{"embeddable":true,"href":"https:\/\/dimensionturistica.com\/es\/wp-json\/wp\/v2\/media\/93020"}],"wp:attachment":[{"href":"https:\/\/dimensionturistica.com\/es\/wp-json\/wp\/v2\/media?parent=93019"}],"wp:term":[{"taxonomy":"category","embeddable":true,"href":"https:\/\/dimensionturistica.com\/es\/wp-json\/wp\/v2\/categories?post=93019"},{"taxonomy":"post_tag","embeddable":true,"href":"https:\/\/dimensionturistica.com\/es\/wp-json\/wp\/v2\/tags?post=93019"}],"curies":[{"name":"wp","href":"https:\/\/api.w.org\/{rel}","templated":true}]}}