{"id":929225,"date":"2025-02-15T15:52:42","date_gmt":"2025-02-15T15:52:42","guid":{"rendered":"https:\/\/dimensionturistica.com\/es\/?p=929225"},"modified":"2025-02-15T15:52:42","modified_gmt":"2025-02-15T15:52:42","slug":"mezcla-perfecta-como-llevar-jeans-anchos-con-tacones-en-la-temporada-primavera-verano-2025","status":"publish","type":"post","link":"https:\/\/dimensionturistica.com\/es\/mezcla-perfecta-como-llevar-jeans-anchos-con-tacones-en-la-temporada-primavera-verano-2025\/","title":{"rendered":"Mezcla perfecta: C\u00f3mo llevar jeans anchos con tacones en la temporada Primavera-Verano 2025."},"content":{"rendered":"<h3>El Estilo Veraniego que No Puedes Pasar por Alto: Baggy Jeans y Sandalias de Tac\u00f3n<\/h3>\n<p>A medida que se aproxima la temporada de primavera-verano, los amantes de la moda comienzan a buscar la combinaci\u00f3n perfecta que les permita lucir frescos y elegantes, sin sacrificar la comodidad. En este contexto, los baggy jeans se han convertido en una de las opciones m\u00e1s vers\u00e1tiles y estilizadas del guardarropa. Este art\u00edculo te guiar\u00e1 sobre c\u00f3mo llevarlos de manera chic con sandalias de tac\u00f3n, creando un look que es ideal para cualquier ocasi\u00f3n veraniega.<\/p>\n<h4>La Magia de los Baggy Jeans<\/h4>\n<p>Los baggy jeans est\u00e1n lejos de ser solo una tendencia pasajera; su comodidad y corte relajado los han convertido en una prenda indispensable. Son ideales para esos d\u00edas calurosos en los que el estilo no debe comprometerse con la funcionalidad. Adem\u00e1s, pueden ser vestidos hacia arriba o hacia abajo, dependiendo de los accesorios y la parte superior que elijas. La clave est\u00e1 en equilibrar la silueta amplia de los jeans con prendas m\u00e1s ajustadas en la parte superior, como una blusa ajustada o un crop top, que proporcionen definici\u00f3n y resalten la figura.<\/p>\n<h4>Sandalias de Tac\u00f3n: La Elecci\u00f3n Perfecta<\/h4>\n<p>Para elevar la experiencia de llevar baggy jeans, nada mejor que combinarlos con unas sandalias de tac\u00f3n. Este d\u00fao no solo alarga visualmente la figura, sino que tambi\u00e9n aporta un aire sofisticado al conjunto. Las sandalias de tac\u00f3n, ya sean de tiras finas o con dise\u00f1o robusto, a\u00f1aden un toque de elegancia que transforma un look casual en uno m\u00e1s estilizado.<\/p>\n<h4>Colores y Texturas para la Temporada<\/h4>\n<p>La primavera-verano 2025 traer\u00e1 una paleta vibrante que invita a experimentar. Opta por jeans en tonos claros, que reflejan mejor la luz y se sientan m\u00e1s ligeros, combin\u00e1ndolos con sandalias de colores audaces o met\u00e1licos. Las texturas tambi\u00e9n juegan un papel importante: considera jeans de denim desgastado junto a sandalias de cuero suave o gamuza, creando un contraste interesante y atractivo.<\/p>\n<h4>Accesorios: \u00a1El Toque Final!<\/h4>\n<p>Para completar tu look, no olvides los accesorios. Unas gafas de sol de gran tama\u00f1o y un bolso de mano chic pueden llevar tu atuendo a otro nivel. Un collar llamativo o unos pendientes llamativos a\u00f1adir\u00e1n personalidad sin recargar el look. La elecci\u00f3n de los accesorios permite que cada persona exprese su estilo \u00fanico, ya sea minimalista o m\u00e1s audaz.<\/p>\n<h4>Ocasiones para Lucir esta Combinaci\u00f3n<\/h4>\n<p>Ya sea para un brunch relajado con amigos, una cita nocturna o un paseo por el centro de la ciudad, los baggy jeans junto a las sandalias de tac\u00f3n son una elecci\u00f3n fant\u00e1stica. Esta combinaci\u00f3n te permitir\u00e1 moverte con libertad y confianza, mientras que tu estilo se mantendr\u00e1 a la vanguardia.<\/p>\n<h3>Conclusiones<\/h3>\n<p>Este verano, no te limites a lo convencional. Atr\u00e9vete a experimentar con los baggy jeans y las sandalias de tac\u00f3n, jugando con colores, texturas y accesorios. Con estas piezas, podr\u00e1s disfrutar de un estilo fresco y sofisticado que seguramente captar\u00e1 las miradas dondequiera que vayas. Cada paso que des ser\u00e1 un reflejo de tu personalidad y te permitir\u00e1 disfrutar de la temporada con m\u00e1xima comodidad y elegancia. \u00a1As\u00ed que prep\u00e1rate y renueva tu guardarropa para una primavera-verano llena de estilo!<\/p>\n<p><em> &#8221; Sources www.vogue.mx &#8221; <\/em><\/p>\n<p><em> &#8221; Fuentes www.vogue.mx &#8221; <\/em><\/p>\n","protected":false},"excerpt":{"rendered":"<p>El Estilo Veraniego que No Puedes Pasar por Alto: Baggy Jeans y Sandalias de Tac\u00f3n A medida que se aproxima la temporada de primavera-verano, los amantes de la moda comienzan a buscar la combinaci\u00f3n perfecta que les permita lucir frescos y elegantes, sin sacrificar la comodidad. En este contexto, los baggy jeans se han convertido [&hellip;]<\/p>\n","protected":false},"author":4,"featured_media":929226,"comment_status":"open","ping_status":"closed","sticky":false,"template":"","format":"standard","meta":{"om_disable_all_campaigns":false,"jnews-multi-image_gallery":[],"jnews_single_post":[],"jnews_primary_category":[],"jnews_social_meta":[],"footnotes":""},"categories":[144872],"tags":[201571,209352,7758,16596,201800,14970,23207,200334,58181,209351,177437],"class_list":["post-929225","post","type-post","status-publish","format-standard","has-post-thumbnail","hentry","category-fashion","tag-baggy-jeans","tag-combinacion-de-prendas","tag-estilo","tag-jeans","tag-moda-primavera-verano","tag-outfits","tag-pasarelas","tag-primavera-verano-2025","tag-sandalias","tag-sandalias-de-tacon","tag-tendencias-2025"],"_links":{"self":[{"href":"https:\/\/dimensionturistica.com\/es\/wp-json\/wp\/v2\/posts\/929225","targetHints":{"allow":["GET"]}}],"collection":[{"href":"https:\/\/dimensionturistica.com\/es\/wp-json\/wp\/v2\/posts"}],"about":[{"href":"https:\/\/dimensionturistica.com\/es\/wp-json\/wp\/v2\/types\/post"}],"author":[{"embeddable":true,"href":"https:\/\/dimensionturistica.com\/es\/wp-json\/wp\/v2\/users\/4"}],"replies":[{"embeddable":true,"href":"https:\/\/dimensionturistica.com\/es\/wp-json\/wp\/v2\/comments?post=929225"}],"version-history":[{"count":0,"href":"https:\/\/dimensionturistica.com\/es\/wp-json\/wp\/v2\/posts\/929225\/revisions"}],"wp:featuredmedia":[{"embeddable":true,"href":"https:\/\/dimensionturistica.com\/es\/wp-json\/wp\/v2\/media\/929226"}],"wp:attachment":[{"href":"https:\/\/dimensionturistica.com\/es\/wp-json\/wp\/v2\/media?parent=929225"}],"wp:term":[{"taxonomy":"category","embeddable":true,"href":"https:\/\/dimensionturistica.com\/es\/wp-json\/wp\/v2\/categories?post=929225"},{"taxonomy":"post_tag","embeddable":true,"href":"https:\/\/dimensionturistica.com\/es\/wp-json\/wp\/v2\/tags?post=929225"}],"curies":[{"name":"wp","href":"https:\/\/api.w.org\/{rel}","templated":true}]}}