{"id":928457,"date":"2025-02-14T05:06:48","date_gmt":"2025-02-14T05:06:48","guid":{"rendered":"https:\/\/dimensionturistica.com\/es\/?p=928457"},"modified":"2025-02-14T05:06:48","modified_gmt":"2025-02-14T05:06:48","slug":"las-travesias-del-mandatario","status":"publish","type":"post","link":"https:\/\/dimensionturistica.com\/es\/las-travesias-del-mandatario\/","title":{"rendered":"Las traves\u00edas del mandatario"},"content":{"rendered":"<p><strong>Turismo presidencial: una mirada a los viajes del mandatario y su impacto en el pa\u00eds<\/strong><\/p>\n<p>En el mundo del turismo, los viajes de un l\u00edder nacional pueden tener un impacto significativo tanto en la percepci\u00f3n internacional de su pa\u00eds como en su econom\u00eda. El presidente de Colombia ha estado recorriendo diversas naciones, llevando consigo no solo un mensaje pol\u00edtico, sino tambi\u00e9n la oportunidad de promover el turismo y la cultura colombiana en el exterior.<\/p>\n<p>Cuando un mandatario viaja, cada encuentro con otros jefes de Estado, empresarios y organizaciones internacionales se convierte en una vitrina para mostrar lo mejor de la naci\u00f3n que representa. En este sentido, el turismo no es solo una cuesti\u00f3n de ocio, sino una poderosa herramienta de diplomacia. Las nuevas rutas comerciales, el aumento de la inversi\u00f3n extranjera y el fomento de relaciones bilaterales se convierten en consecuencias directas de esos encuentros.<\/p>\n<p>A medida que el presidente se desplaza de un pa\u00eds a otro, se generan expectativas sobre la promoci\u00f3n de Colombia como un destino tur\u00edstico a nivel mundial. Paisajes deslumbrantes, biodiversidad \u00fanica y una rica herencia cultural son elementos que se pueden resaltar en cada discurso. Estos viajes ofrecen oportunidades para que operadores tur\u00edsticos, gastron\u00f3micos y culturales se conecten con sus hom\u00f3logos en el extranjero, abriendo puertas a nuevas posibilidades de colaboraci\u00f3n.<\/p>\n<p>Sin embargo, no podemos pasar por alto las cr\u00edticas que surgen en cada traves\u00eda. Hay quienes cuestionan la frecuencia de estos desplazamientos y el costo que representan. La percepci\u00f3n p\u00fablica es fundamental; los ciudadanos desean ver resultados tangibles que justifiquen cada viaje. Por ello, es esencial que cada misi\u00f3n internacional no solo venda una imagen atractiva del pa\u00eds, sino que tambi\u00e9n est\u00e9 alineada con la promoci\u00f3n de iniciativas que beneficien a la poblaci\u00f3n local, como el ecoturismo, la inversi\u00f3n en infraestructura y la protecci\u00f3n del patrimonio cultural.<\/p>\n<p>El impacto medi\u00e1tico de estos viajes tambi\u00e9n juega un papel crucial. Las im\u00e1genes del presidente interactuando con l\u00edderes mundiales y participando en foros internacionales son vistas por millones. Esto puede influir en la imagen de Colombia en el extranjero, impulsando el inter\u00e9s de turistas potenciales que quiz\u00e1s nunca antes consideraron visitar el pa\u00eds. La noci\u00f3n de un pa\u00eds abierto al di\u00e1logo y la cooperaci\u00f3n puede ser un atractivo poderoso.<\/p>\n<p>No obstante, el verdadero desaf\u00edo radica en convertir el inter\u00e9s suscitado por estos viajes en visitas reales. Es importante que las autoridades tur\u00edsticas y locales aprovechen el momento, desarrollando campa\u00f1as adecuadas para captar la atenci\u00f3n de quienes se sienten motivados a explorar un nuevo destino. La creaci\u00f3n de paquetes tur\u00edsticos que resalten la diversidad regional, eventos culturales y festivales aut\u00f3ctonos son estrategias que se pueden implementar para atraer a esos visitantes potenciales.<\/p>\n<p>Colombia tiene un inmenso potencial tur\u00edstico, y los viajes del presidente son una oportunidad para mostrarlo al mundo. Con cada paso internacional, se abre un cap\u00edtulo nuevo en la historia de la promoci\u00f3n del pa\u00eds; sin embargo, para que esta narrativa sea exitosa, se necesita un enfoque colaborativo que involucre tanto a los l\u00edderes como a las comunidades locales. En este viaje conjunto, el futuro del turismo en Colombia podr\u00eda brillar a\u00fan m\u00e1s, convirti\u00e9ndose en un motor de desarrollo y bienestar para todos sus ciudadanos. <\/p>\n<p>As\u00ed, mientras el presidente contin\u00faa su andar por el mundo, el mensaje es claro: Colombia est\u00e1 lista para ser descubierta, y cada viaje es una invitaci\u00f3n a conocer sus maravillas.<\/p>\n<p><em> &#8221; Sources www.elcolombiano.com &#8221; <\/em><\/p>\n<p><em> &#8221; Fuentes www.elcolombiano.com &#8221; <\/em><\/p>\n","protected":false},"excerpt":{"rendered":"<p>Turismo presidencial: una mirada a los viajes del mandatario y su impacto en el pa\u00eds En el mundo del turismo, los viajes de un l\u00edder nacional pueden tener un impacto significativo tanto en la percepci\u00f3n internacional de su pa\u00eds como en su econom\u00eda. El presidente de Colombia ha estado recorriendo diversas naciones, llevando consigo no [&hellip;]<\/p>\n","protected":false},"author":4,"featured_media":928458,"comment_status":"open","ping_status":"closed","sticky":false,"template":"","format":"standard","meta":{"om_disable_all_campaigns":false,"jnews-multi-image_gallery":[],"jnews_single_post":[],"jnews_primary_category":[],"jnews_social_meta":[],"footnotes":""},"categories":[39],"tags":[13687,662,56308,14526,6643,68555,546,2234,653,545],"class_list":["post-928457","post","type-post","status-publish","format-standard","has-post-thumbnail","hentry","category-viajes","tag-aventura","tag-cultura","tag-exploracion","tag-geografia","tag-historia","tag-noticias-el-colombiano","tag-politica","tag-presidente","tag-transporte","tag-viajes"],"_links":{"self":[{"href":"https:\/\/dimensionturistica.com\/es\/wp-json\/wp\/v2\/posts\/928457","targetHints":{"allow":["GET"]}}],"collection":[{"href":"https:\/\/dimensionturistica.com\/es\/wp-json\/wp\/v2\/posts"}],"about":[{"href":"https:\/\/dimensionturistica.com\/es\/wp-json\/wp\/v2\/types\/post"}],"author":[{"embeddable":true,"href":"https:\/\/dimensionturistica.com\/es\/wp-json\/wp\/v2\/users\/4"}],"replies":[{"embeddable":true,"href":"https:\/\/dimensionturistica.com\/es\/wp-json\/wp\/v2\/comments?post=928457"}],"version-history":[{"count":0,"href":"https:\/\/dimensionturistica.com\/es\/wp-json\/wp\/v2\/posts\/928457\/revisions"}],"wp:featuredmedia":[{"embeddable":true,"href":"https:\/\/dimensionturistica.com\/es\/wp-json\/wp\/v2\/media\/928458"}],"wp:attachment":[{"href":"https:\/\/dimensionturistica.com\/es\/wp-json\/wp\/v2\/media?parent=928457"}],"wp:term":[{"taxonomy":"category","embeddable":true,"href":"https:\/\/dimensionturistica.com\/es\/wp-json\/wp\/v2\/categories?post=928457"},{"taxonomy":"post_tag","embeddable":true,"href":"https:\/\/dimensionturistica.com\/es\/wp-json\/wp\/v2\/tags?post=928457"}],"curies":[{"name":"wp","href":"https:\/\/api.w.org\/{rel}","templated":true}]}}