{"id":92836,"date":"2021-03-09T12:21:49","date_gmt":"2021-03-09T12:21:49","guid":{"rendered":"https:\/\/dimensionturistica.com\/es\/?p=92836"},"modified":"2021-03-09T12:21:49","modified_gmt":"2021-03-09T12:21:49","slug":"mejora-aprobacion-de-amlo-en-marzo-a-58-puntuacion-mas-alta-en-un-ano-mexico-elige","status":"publish","type":"post","link":"https:\/\/dimensionturistica.com\/es\/mejora-aprobacion-de-amlo-en-marzo-a-58-puntuacion-mas-alta-en-un-ano-mexico-elige\/","title":{"rendered":"Mejora aprobaci\u00f3n de AMLO en marzo a 58%; puntuaci\u00f3n m\u00e1s alta en un a\u00f1o: \u00b4M\u00e9xico Elige\u00b4"},"content":{"rendered":"<p> <br \/>\n<\/p>\n<div>\n<p>La <strong><strong><strong>aprobaci\u00f3n<\/strong><\/strong><\/strong> del presidente Andr\u00e9s Manuel L\u00f3pez Obrador increment\u00f3 0.7 por ciento durante <strong><strong><strong>marzo<\/strong><\/strong><\/strong>, por lo que aument\u00f3 a 58.4 por ciento, lo que representa la <strong><strong><strong>puntuaci\u00f3n<\/strong><\/strong><\/strong> m\u00e1s alta en los \u00faltimos 12 meses, revel\u00f3 &#8220;M\u00e9xico Elige&#8221;.<\/p>\n<p>La casa encuestadora en su estudio nacional de opini\u00f3n p\u00fablica difundido este lunes, se\u00f1al\u00f3 adem\u00e1s que el tabasque\u00f1o tiene una calificaci\u00f3n de 55.2 por ciento, lo que le represent\u00f3 un 0.8 por ciento m\u00e1s que la medici\u00f3n de febrero.<\/p>\n<p>&#8220;M\u00e9xico Elige&#8221; apunt\u00f3 que es en Tabasco es donde tiene la mejor <strong><strong><strong>aprobaci\u00f3n<\/strong><\/strong><\/strong> con un 87.9 por ciento, seguido de Guerrero y Oaxaca.<\/p>\n<p><!-- CtrlPublicidad Inicio nota2 --> <!-- CtrlPublicidad Final 99239 --><\/p>\n<p>La encuesta levantada del 2 al 7 de <strong><strong><strong>marzo<\/strong><\/strong><\/strong> a 20 mil 859 ciudadanos en redes sociales, tambi\u00e9n arroj\u00f3 que 56.7 por ciento quiere que L\u00f3pez Obrador permanezca como presidente.<\/p>\n<p>Sergio Zaragoza, director de M\u00e9xico Elige explic\u00f3 en entrevista con Ciro G\u00f3mez en Radio F\u00f3rmula, que 51.4 por ciento de la poblaci\u00f3n votar\u00eda para que el tabasque\u00f1o gobierne un periodo m\u00e1s, del 2024 al 2030.<\/p>\n<p>&#8220;En lo cualitativo la gente dice que nunca se hab\u00edan dado tantos apoyos sociales, que es un presidente que tiene buenas intenciones y en cuanto a la revocaci\u00f3n de mandato la gente dice que debe de continuar porque en la historia reciente nunca un presidente ha dejado su cargo y tambi\u00e9n porque es muy pronto para calificar su trabajo.<\/p>\n<p><!-- CtrlPublicidad Inicio nota3 --> <!-- CtrlPublicidad Final 99240 --><\/p>\n<p>&#8220;En lo negativo hay otras cosas, sale lo de la rifa del avi\u00f3n, la cancelaci\u00f3n del aeropuerto&#8221;, expres\u00f3.<\/p>\n<p>Adem\u00e1s la casa encuestadora revel\u00f3 que en <strong><strong><strong>marzo<\/strong><\/strong><\/strong> el presidente L\u00f3pez Obrador es el mejor posicionado del pa\u00eds.<\/p>\n<p>Respecto a la actuaci\u00f3n del gobierno federal frente al coronavirus, un 47 por ciento dijo que ha sido adecuada.<\/p>\n<p style=\"text-align: justify;\"><!-- ctrlPlaceHolderImagen Inicio --><img decoding=\"async\" style=\"width: 100%;\" typeof=\"foaf:Image\" id=\"30740f95545e4ca6bff2916484e9210f\" src=\"https:\/\/dimensionturistica.com\/es\/wp-content\/uploads\/2021\/03\/Mejora-aprobacion-de-AMLO-en-marzo-a-58-puntuacion-mas.jpg\" alt=\"imagen-cuerpo\" title=\"imagen-cuerpo\"\/><!-- ctrlPlaceHolderImagen Final --><\/p>\n<p style=\"text-align: justify;\"><!-- ctrlPlaceHolderImagen Inicio --><img decoding=\"async\" style=\"width: 100%;\" typeof=\"foaf:Image\" id=\"86262b4951734ca68661bcf53a67dd84\" src=\"https:\/\/dimensionturistica.com\/es\/wp-content\/uploads\/2021\/03\/1615292508_600_Mejora-aprobacion-de-AMLO-en-marzo-a-58-puntuacion-mas.jpg\" alt=\"imagen-cuerpo\" title=\"imagen-cuerpo\"\/><!-- ctrlPlaceHolderImagen Final --><\/p>\n<p style=\"text-align: justify;\"><!-- ctrlPlaceHolderImagen Inicio --><img decoding=\"async\" style=\"width: 100%;\" typeof=\"foaf:Image\" id=\"a321aa2e51414172bb1470878cf60e5d\" src=\"https:\/\/dimensionturistica.com\/es\/wp-content\/uploads\/2021\/03\/1615292509_36_Mejora-aprobacion-de-AMLO-en-marzo-a-58-puntuacion-mas.jpg\" alt=\"imagen-cuerpo\" title=\"imagen-cuerpo\"\/><!-- ctrlPlaceHolderImagen Final --><\/p>\n<\/div>\n<p><script>\n                            (function (d, s, id) {\n                                var js, fjs = d.getElementsByTagName(s)[0];\n                                if (d.getElementById(id)) return;\n                                js = d.createElement(s); js.id = id;\n                                js.src = \"https:\/\/connect.facebook.net\/en_US\/all.js#xfbml=1&appId=280882251965109\";\n                                fjs.parentNode.insertBefore(js, fjs);\n                            }(document, 'script', 'facebook-jssdk'));\n                        <\/script><br \/>\n<br \/><\/p>\n<p><em> &#8221; Fuentes www.xevt.com &#8221; <\/em><\/p>\n","protected":false},"excerpt":{"rendered":"<p>La aprobaci\u00f3n del presidente Andr\u00e9s Manuel L\u00f3pez Obrador increment\u00f3 0.7 por ciento durante marzo, por lo que aument\u00f3 a 58.4 por ciento, lo que representa la puntuaci\u00f3n m\u00e1s alta en los \u00faltimos 12 meses, revel\u00f3 &#8220;M\u00e9xico Elige&#8221;. La casa encuestadora en su estudio nacional de opini\u00f3n p\u00fablica difundido este lunes, se\u00f1al\u00f3 adem\u00e1s que el tabasque\u00f1o [&hellip;]<\/p>\n","protected":false},"author":4,"featured_media":92837,"comment_status":"open","ping_status":"closed","sticky":false,"template":"","format":"standard","meta":{"om_disable_all_campaigns":false,"jnews-multi-image_gallery":[],"jnews_single_post":[],"jnews_primary_category":[],"jnews_social_meta":[],"footnotes":""},"categories":[41],"tags":[],"class_list":["post-92836","post","type-post","status-publish","format-standard","has-post-thumbnail","hentry","category-cruceros"],"_links":{"self":[{"href":"https:\/\/dimensionturistica.com\/es\/wp-json\/wp\/v2\/posts\/92836","targetHints":{"allow":["GET"]}}],"collection":[{"href":"https:\/\/dimensionturistica.com\/es\/wp-json\/wp\/v2\/posts"}],"about":[{"href":"https:\/\/dimensionturistica.com\/es\/wp-json\/wp\/v2\/types\/post"}],"author":[{"embeddable":true,"href":"https:\/\/dimensionturistica.com\/es\/wp-json\/wp\/v2\/users\/4"}],"replies":[{"embeddable":true,"href":"https:\/\/dimensionturistica.com\/es\/wp-json\/wp\/v2\/comments?post=92836"}],"version-history":[{"count":0,"href":"https:\/\/dimensionturistica.com\/es\/wp-json\/wp\/v2\/posts\/92836\/revisions"}],"wp:featuredmedia":[{"embeddable":true,"href":"https:\/\/dimensionturistica.com\/es\/wp-json\/wp\/v2\/media\/92837"}],"wp:attachment":[{"href":"https:\/\/dimensionturistica.com\/es\/wp-json\/wp\/v2\/media?parent=92836"}],"wp:term":[{"taxonomy":"category","embeddable":true,"href":"https:\/\/dimensionturistica.com\/es\/wp-json\/wp\/v2\/categories?post=92836"},{"taxonomy":"post_tag","embeddable":true,"href":"https:\/\/dimensionturistica.com\/es\/wp-json\/wp\/v2\/tags?post=92836"}],"curies":[{"name":"wp","href":"https:\/\/api.w.org\/{rel}","templated":true}]}}