{"id":92771,"date":"2021-03-09T10:29:06","date_gmt":"2021-03-09T10:29:06","guid":{"rendered":"https:\/\/dimensionturistica.com\/es\/?p=92771"},"modified":"2021-03-09T10:29:06","modified_gmt":"2021-03-09T10:29:06","slug":"posadas-participa-por-primera-vez-en-la-feria-turstica-de-berln-noticias-provincia","status":"publish","type":"post","link":"https:\/\/dimensionturistica.com\/es\/posadas-participa-por-primera-vez-en-la-feria-turstica-de-berln-noticias-provincia\/","title":{"rendered":"Posadas participa por primera vez en la feria turstica de Berln &#8211; Noticias Provincia"},"content":{"rendered":"<p> <br \/>\n<\/p>\n<div id=\"TextoNoticia\">\n<p style=\"text-align: justify;\">El <strong>Ayuntamiento de <a rel=\"nofollow noopener\" target=\"_blank\" href=\"https:\/\/www.diariocordoba.com\/temas\/posadas_252.html\">Posadas<\/a><\/strong>\u00a0acude <strong>por primera vez<\/strong> como coexpositor a una de las <strong>ferias internacionales de <a rel=\"nofollow noopener\" target=\"_blank\" href=\"https:\/\/www.diariocordoba.com\/temas\/turismo-cordoba_469.html\">turismo<\/a><\/strong>\u00a0m\u00e1s importantes del mundo. En un <strong>evento totalmente digital, ITB Berl\u00edn 2021<\/strong> proporciona, entre los d\u00edas<strong> 9 al 12 de marzo<\/strong>, a la industria tur\u00edstica una plataforma en l\u00ednea para redes, negocios y contenido.\u00a0La Oficina de Turismo y Medio Ambiente del Consistorio maleno coordina la participaci\u00f3n del <strong>destino tur\u00edstico Posadas<\/strong>, junto a empresas tur\u00edsticas, auxiliares y asociaciones, como la Asociaci\u00f3n de Empresarios de Posadas (Adepo), todas ellas integrantes de la <strong>Mesa de Participaci\u00f3n Ciudadana de Turismo de Posadas.<\/strong><\/p>\n<p>&#13;<\/p>\n<p style=\"text-align: justify;\">El destino Posadas, bajo el lema <strong><em>Historia Milenaria, Tradici\u00f3n Hospitalaria<\/em><\/strong>, presenta a esta feria tres productos tur\u00edsticos muy competitivos actualmente:<strong> Gastronom\u00eda y tradici\u00f3n<\/strong>; Tu oficina en la naturaleza. Destino <strong>workation (work + trip)<\/strong>; y <strong>Posadas, destino pure.<\/strong><\/p>\n<p>&#13;<\/p>\n<p style=\"text-align: justify;\">De los <strong>143 coexpositores de Andaluc\u00eda,<\/strong> <strong>12 son de la provincia de C\u00f3rdoba<\/strong> y tan <strong>solo dos<\/strong> son <strong>ayuntamientos<\/strong>, el de <strong>Posadas y el de C\u00f3rdoba capital<\/strong>. El resto del grupo cordob\u00e9s lo forman: el Patronato de Turismo de la Diputaci\u00f3n de C\u00f3rdoba, asociaciones tales como la Asociaci\u00f3n de Fomento del Turismo del Valle del Guadalquivir Cordob\u00e9s y algunas empresas tur\u00edsticas.<\/p>\n<p><span><br \/>\n\t\t<\/span><\/div>\n<p><script async defer src=\"https:\/\/connect.facebook.net\/es_ES\/sdk.js\"><\/script><br \/>\n<br \/><\/p>\n<p><em> &#8221; Fuentes www.diariocordoba.com &#8221; <\/em><\/p>\n","protected":false},"excerpt":{"rendered":"<p>El Ayuntamiento de Posadas\u00a0acude por primera vez como coexpositor a una de las ferias internacionales de turismo\u00a0m\u00e1s importantes del mundo. En un evento totalmente digital, ITB Berl\u00edn 2021 proporciona, entre los d\u00edas 9 al 12 de marzo, a la industria tur\u00edstica una plataforma en l\u00ednea para redes, negocios y contenido.\u00a0La Oficina de Turismo y Medio [&hellip;]<\/p>\n","protected":false},"author":4,"featured_media":92772,"comment_status":"open","ping_status":"closed","sticky":false,"template":"","format":"standard","meta":{"om_disable_all_campaigns":false,"jnews-multi-image_gallery":[],"jnews_single_post":[],"jnews_primary_category":[],"jnews_social_meta":[],"footnotes":""},"categories":[40],"tags":[709],"class_list":["post-92771","post","type-post","status-publish","format-standard","has-post-thumbnail","hentry","category-industria","tag-provincia"],"_links":{"self":[{"href":"https:\/\/dimensionturistica.com\/es\/wp-json\/wp\/v2\/posts\/92771","targetHints":{"allow":["GET"]}}],"collection":[{"href":"https:\/\/dimensionturistica.com\/es\/wp-json\/wp\/v2\/posts"}],"about":[{"href":"https:\/\/dimensionturistica.com\/es\/wp-json\/wp\/v2\/types\/post"}],"author":[{"embeddable":true,"href":"https:\/\/dimensionturistica.com\/es\/wp-json\/wp\/v2\/users\/4"}],"replies":[{"embeddable":true,"href":"https:\/\/dimensionturistica.com\/es\/wp-json\/wp\/v2\/comments?post=92771"}],"version-history":[{"count":0,"href":"https:\/\/dimensionturistica.com\/es\/wp-json\/wp\/v2\/posts\/92771\/revisions"}],"wp:featuredmedia":[{"embeddable":true,"href":"https:\/\/dimensionturistica.com\/es\/wp-json\/wp\/v2\/media\/92772"}],"wp:attachment":[{"href":"https:\/\/dimensionturistica.com\/es\/wp-json\/wp\/v2\/media?parent=92771"}],"wp:term":[{"taxonomy":"category","embeddable":true,"href":"https:\/\/dimensionturistica.com\/es\/wp-json\/wp\/v2\/categories?post=92771"},{"taxonomy":"post_tag","embeddable":true,"href":"https:\/\/dimensionturistica.com\/es\/wp-json\/wp\/v2\/tags?post=92771"}],"curies":[{"name":"wp","href":"https:\/\/api.w.org\/{rel}","templated":true}]}}