{"id":92762,"date":"2021-03-09T09:50:52","date_gmt":"2021-03-09T09:50:52","guid":{"rendered":"https:\/\/dimensionturistica.com\/es\/?p=92762"},"modified":"2021-03-09T09:50:52","modified_gmt":"2021-03-09T09:50:52","slug":"sin-multa-para-el-crucero-que-trajo-a-pr-el-primer-caso-de-coronavirus-noticel-la-verdad-como-es-noticias-de-puerto-rico-noticel","status":"publish","type":"post","link":"https:\/\/dimensionturistica.com\/es\/sin-multa-para-el-crucero-que-trajo-a-pr-el-primer-caso-de-coronavirus-noticel-la-verdad-como-es-noticias-de-puerto-rico-noticel\/","title":{"rendered":"Sin multa para el crucero que trajo a PR el primer caso de coronavirus \u2013 NotiCel \u2013 La verdad como es \u2013 Noticias de Puerto Rico \u2013 NOTICEL"},"content":{"rendered":"<p> <br \/>\n<\/p>\n<div>\n\t\t\t\t\t\t\t            <!-- Blank because headline is in article-page.twig --><\/p>\n<p class=\"article_subheadline\">Mientras se manifestaban infecciones abordo, permiti\u00f3 entrada de funcionarios gubernamentales.<\/p>\n<p>    <img decoding=\"async\" class=\"inline_images\" src=\"https:\/\/dimensionturistica.com\/es\/wp-content\/uploads\/2021\/03\/Sin-multa-para-el-crucero-que-trajo-a-PR-el.jpeg\" uuid=\"\"\/><br \/>\n<a rel=\"nofollow noopener\" target=\"_blank\" class=\"lightbox_image\" href=\"https:\/\/dimensionturistica.com\/es\/wp-content\/uploads\/2021\/03\/Sin-multa-para-el-crucero-que-trajo-a-PR-el.jpeg\" data-lightbox=\"images\"><img decoding=\"async\" class=\"article-images\" src=\"https:\/\/dimensionturistica.com\/es\/wp-content\/uploads\/2021\/03\/Sin-multa-para-el-crucero-que-trajo-a-PR-el.jpeg\" uuid=\"\"\/><\/a><\/p>\n<p class=\"article__body main\">La Guardia Costera (GC) no impuso multa ni recomend\u00f3 acci\u00f3n administrativa contra el crucero que trajo a la isla el primer caso de coronavirus el 8 de marzo de 2020 y que, mientras ten\u00eda en cuarentena y en vigilancia a tripulantes y pasajeros por sospecha de infecci\u00f3n, permiti\u00f3 que se realizara un acto protocolar con funcionarios p\u00fablicos y que sus pasajeros desembarcaran en el Viejo San Juan.<\/p>\n<p class=\"article__body main\">La falta de notificaci\u00f3n sobre las personas enfermas, o bajo sospecha de infecci\u00f3n, que ten\u00edan a bordo period el principal foco de la evaluaci\u00f3n que las autoridades hac\u00edan sobre las decisiones que tom\u00f3 el comando del crucero a su llegada a San Juan.<\/p>\n<p class=\"article__body main\">&#8220;Tras culminar la revisi\u00f3n del incidente relacionado a la llegada del crucero Costa Luminosa a Puerto Rico el 8 de marzo de 2020, no se recomend\u00f3 la imposici\u00f3n de una multa o acci\u00f3n administrativa en contra&#8221;, dijo el portavoz de la GC, Ricardo Castrodad, despu\u00e9s de que NotiCel insistiera durante meses en conocer en qu\u00e9 result\u00f3 la evaluaci\u00f3n del atraco y desembarco del crucero perteneciente a la l\u00ednea Costa que, a su vez, es una subsidiaria de Carnival Corp.<\/p>\n<p class=\"article__body main\">El 8 de marzo fue la primera vez que el Costa Luminosa lleg\u00f3 a Puerto Rico, algo que celebr\u00f3 la Autoridad de los Puertos (AP) y que conllev\u00f3 que la entonces directora de la Compa\u00f1\u00eda de Turismo, Carla Campos, subiera al crucero a entregar una placa al oficial a cargo de la nave, el capit\u00e1n Giambattista Mancini.<\/p>\n<p class=\"article__body main\">Campos ha dicho que no tuvo advertencias del crucero que la llevaran a modificar el acto protocolar, pero mientras esto suced\u00eda y a la vez que bajaban 1,370 pasajeros y 410 tripulantes (77% de las personas a bordo), una pareja italiana, Bruno y Rosa Angela Milani, fueron llevados en ambulancia con s\u00edntomas compatibles con el nuevo coronavirus. Fueron las dos primeras personas atendidas en la isla con positivo a coronavirus y ella muri\u00f3 menos de dos semanas despu\u00e9s, el 21 de marzo. La pareja estaba en el crucero celebrando su 50 aniversario.<\/p>\n<p class=\"article__body main\">Vea:<\/p>\n<p class=\"article__body main\"><a rel=\"nofollow noopener\" target=\"_blank\" href=\"https:\/\/www.noticel.com\/gobierno\/ahora\/20200310\/carla-campos-explica-por-que-no-esta-en-cuarentena-despues-de-subir-a-crucero\/\" id=\"link-aae310620f4ccce455abaaf2f0a18e4b\"> Carla Campos no se har\u00e1 la prueba del coronavirus despu\u00e9s de subir a crucero <\/a><\/p>\n<p class=\"article__body main\"><a rel=\"nofollow noopener\" target=\"_blank\" href=\"https:\/\/www.noticel.com\/ahora\/20200309\/funcionarios-estuvieron-en-acto-protocolar-dentro-del-costa-luminosa\/\" id=\"link-a66af1f240032360793923a4dd7d35ec\">Funcionarios estuvieron en acto protocolar dentro del Costa Luminosa <\/a><\/p>\n<p class=\"article__body main\">Documentos publicados por el Miami Herald confirmaron despu\u00e9s que el mismo d\u00eda en que lleg\u00f3 a la isla, el private del Costa Luminosa coloc\u00f3 a cinco tripulantes en cuarentena bajo sospecha de coronavirus. Sin embargo, en declaraciones escritas emitidas el 8 de marzo pasado, Campos dijo que \u201cla embarcaci\u00f3n confirm\u00f3 que no contaban con m\u00e1s pasajeros a bordo con s\u00edntomas o reportados enfermos&#8221;. &#8220;Las personas que se bajaron del barco sin s\u00edntomas tienen el 1 % de probabilidad de transmitir la enfermedad en caso de ser portadores, lo que significa que es muy poco probable que sean focos de transmisi\u00f3n\u201d, apunt\u00f3.<\/p>\n<p class=\"article__body main\">Antes de llegar a San Juan, el Costa Luminosa tuvo un itinerario de dos fases, la primera corta y la segunda m\u00e1s extensa con puerto closing en N\u00e1poles el 22 de marzo. Sali\u00f3 el 24 de febrero de 2020 de Fort Lauderdale y volver\u00eda el 5 de marzo a ese puerto para recoger otro grupo de pasajeros que entonces zarpar\u00eda en un viaje cuyo pr\u00f3ximo puerto period San Juan el 8 de marzo y, finalmente, Italia.<\/p>\n<p>            <img decoding=\"async\" class=\"inline_images\" src=\"https:\/\/dimensionturistica.com\/es\/wp-content\/uploads\/2021\/03\/1615283450_668_Sin-multa-para-el-crucero-que-trajo-a-PR-el.jpeg\" uuid=\"\"\/><br \/>\n<a rel=\"nofollow noopener\" target=\"_blank\" class=\"lightbox_image\" href=\"https:\/\/dimensionturistica.com\/es\/wp-content\/uploads\/2021\/03\/1615283450_668_Sin-multa-para-el-crucero-que-trajo-a-PR-el.jpeg\" data-lightbox=\"images\"><img decoding=\"async\" class=\"article-images\" src=\"https:\/\/dimensionturistica.com\/es\/wp-content\/uploads\/2021\/03\/1615283450_668_Sin-multa-para-el-crucero-que-trajo-a-PR-el.jpeg\" uuid=\"\"\/><\/a><\/p>\n<p class=\"article__body main\">Tan temprano como el 29 de febrero, en la primera fase, tuvo que dejar a un turista italiano enfermo en Islas Caim\u00e1n que luego muri\u00f3 de coronavirus. A pesar de esto y del conocimiento que hab\u00eda sobre el acecho del coronavirus, el crucero zarp\u00f3 el 5 hacia Puerto Rico sin tomar medidas de distanciamiento o uso de mascarillas. Esas medidas finalmente se adoptaron el 15 de marzo, cuatro d\u00edas despu\u00e9s de que la Organizaci\u00f3n Mundial de la Salud declar\u00f3 la pandemia del COVID-19.<\/p>\n<p class=\"article__body main\">En complete, el Costa Luminosa tuvo tres muertes por coronavirus en ese viaje. <a rel=\"nofollow noopener\" target=\"_blank\" href=\"https:\/\/www.cruisemapper.com\/accidents\/Costa-Luminosa-576\" id=\"link-2aac9c2e6682c379dbd5500c7093b171\">Seg\u00fan un registro de incidentes<\/a>, despu\u00e9s de zarpar de Puerto Rico, se le deneg\u00f3 la entrada en Antigua el 9 de marzo y siguieron a Islas Canarias, donde tambi\u00e9n se les neg\u00f3 el desembarco, excepto por seis personas que bajaron para tratamiento m\u00e9dico. Para el 20 de marzo, el crucero hab\u00eda acumulado al menos 77 casos positivos a coronavirus.<\/p>\n<p>            <img decoding=\"async\" class=\"inline_images\" src=\"https:\/\/dimensionturistica.com\/es\/wp-content\/uploads\/2021\/03\/1615283450_253_Sin-multa-para-el-crucero-que-trajo-a-PR-el.jpeg\" uuid=\"\"\/><br \/>\n<a rel=\"nofollow noopener\" target=\"_blank\" class=\"lightbox_image\" href=\"https:\/\/dimensionturistica.com\/es\/wp-content\/uploads\/2021\/03\/1615283450_253_Sin-multa-para-el-crucero-que-trajo-a-PR-el.jpeg\" data-lightbox=\"images\"><img decoding=\"async\" class=\"article-images\" src=\"https:\/\/dimensionturistica.com\/es\/wp-content\/uploads\/2021\/03\/1615283450_253_Sin-multa-para-el-crucero-que-trajo-a-PR-el.jpeg\" uuid=\"\"\/><\/a><\/p>\n<div class=\"article_image_caption image_text\" data-uuid=\"fa14afd8-13fb-532c-9868-8d4c56855140\">\n<p>El capit\u00e1n del Costa Luminosa, Giambattista Mancini.<\/p>\n<p>Foto: Costa Crociere <\/p>\n<\/p><\/div>\n<p class=\"article__body main\">El director ejecutivo de la AP, Joel Piz\u00e1 Batiz, dijo el 9 de marzo que ser\u00edan las autoridades federales las que evaluar\u00edan el desembarco del Costa, pero que se supone que las emergencias m\u00e9dicas fueran reportadas antes de atracar. La compa\u00f1\u00eda de crucero no ha emitido declaraciones espec\u00edficas sobre esa traves\u00eda del Costa Luminosa, pero Piz\u00e1 Batiz dijo el a\u00f1o pasado que la interpretaci\u00f3n de las personas a cargo del crucero es que no ten\u00edan que reportar porque le hab\u00edan administrado medicamentos a la pasajera italiana el 4 de marzo y hab\u00eda mejorado. Un aviso a la GC pudo implicar que no se le permitiera atracar o desembarcar pasajeros y tripulantes. En una <a rel=\"nofollow noopener\" target=\"_blank\" href=\"https:\/\/www.costacruceros.es\/costa-club\/magazine\/sentirse-a-bordo\/interview-capt-mancini.html\" id=\"link-37e588ce750fa57a0badde53328c6582\">entrevista publicada antes de la pandemia en un foro oficial de la compa\u00f1\u00eda de cruceros<\/a>, el capit\u00e1n Mancini dijo que las cualidades para ejercer su cargo son \u201cimparcialidad de juicio, transparencia \u00e9tica y frialdad en la toma de decisiones r\u00e1pida\u201d.<\/p>\n<p class=\"article__body main\">Vea:<\/p>\n<p class=\"article__body main\"><a rel=\"nofollow noopener\" target=\"_blank\" href=\"https:\/\/www.noticel.com\/mundo\/top-stories\/20200319\/documentos-revelan-lo-que-paso-en-el-costa-el-dia-que-atraco-en-san-juan\/\" id=\"link-363da06bd9ba105246c001a868b214b8\">Documentos revelan lo que pas\u00f3 en el Costa el d\u00eda que atrac\u00f3 en San Juan <\/a><\/p>\n<p class=\"article__body main\"><a rel=\"nofollow noopener\" target=\"_blank\" href=\"https:\/\/www.noticel.com\/gobierno\/top-stories\/20200316\/el-fin-de-semana-en-que-el-coronavirus-exploto-en-pr\/\" id=\"link-20c33f7b5dbefa062ba554996a905b04\"> El fin de semana en que el coronavirus explot\u00f3 en PR <\/a><\/p>\n<p class=\"article__body main\">El portavoz de la GC dijo tambi\u00e9n que &#8220;a trav\u00e9s de la naci\u00f3n, hubo 11 incidentes relacionados con diversas l\u00edneas de cruceros, incluyendo el del Costa Luminosa, en los que la Guardia Costera revis\u00f3 las acciones de las l\u00edneas de crucero en cuanto al cumplimiento con los protocolos de notificaci\u00f3n sobre pasajeros o tripulantes con s\u00edntomas o un diagn\u00f3stico de COVID-19&#8221;.<\/p>\n<p class=\"article__body main\">&#8220;Tres de estas investigaciones resultaron en multas probadas e impuestas de $5,000, $10,000 y $25,000 respectivamente&#8221;, a\u00f1adi\u00f3 al precisar que las violaciones que dieron paso a las multas fueron no notificar una condici\u00f3n peligrosa e incumplimiento de una orden sobre seguridad de puertos.<\/p>\n<p>            <img decoding=\"async\" class=\"inline_images\" src=\"https:\/\/dimensionturistica.com\/es\/wp-content\/uploads\/2021\/03\/1615283451_167_Sin-multa-para-el-crucero-que-trajo-a-PR-el.jpeg\" uuid=\"\"\/><br \/>\n<a rel=\"nofollow noopener\" target=\"_blank\" class=\"lightbox_image\" href=\"https:\/\/dimensionturistica.com\/es\/wp-content\/uploads\/2021\/03\/1615283451_167_Sin-multa-para-el-crucero-que-trajo-a-PR-el.jpeg\" data-lightbox=\"images\"><img decoding=\"async\" class=\"article-images\" src=\"https:\/\/dimensionturistica.com\/es\/wp-content\/uploads\/2021\/03\/1615283451_167_Sin-multa-para-el-crucero-que-trajo-a-PR-el.jpeg\" uuid=\"\"\/><\/a><\/p>\n<div class=\"article_image_caption image_text\" data-uuid=\"92c7ca65-9689-54f8-85bc-4aeefcddac5c\">\n<p>Bruno Milani, turista italiano que desembarc\u00f3 del Costa Luminosa con su esposa en Puerto Rico por s\u00edntomas de coronavirus.<\/p>\n<p>Foto: <\/p>\n<\/p><\/div>\n<p class=\"article__body main\">Una demanda de clase que representa a los pasajeros del Costa Luminosa en esa traves\u00eda est\u00e1 en apelaciones despu\u00e9s de que un juez federal de Florida determinara que el caso ten\u00eda que presentarse en las cortes italianas debido a una disposici\u00f3n del pasaje que limita las controversias a los foros de esa jurisdicci\u00f3n.<\/p>\n<p class=\"article__body main\">El Wall Road Journal precis\u00f3 que la industria de cruceros lanz\u00f3 100 viajes desde Estados Unidos el 4 de marzo, cuando se registr\u00f3 la muerte por COVID-19 del primer pasajero que atrac\u00f3 en ese pa\u00eds, o despu\u00e9s.<\/p>\n<p class=\"article__body main\">Despu\u00e9s de que se suspendieran las traves\u00edas debido a la pandemia el 14 de marzo, la Asociaci\u00f3n Internacional de L\u00edneas de Cruceros (CLIA) reclam\u00f3 que sustenta 421,000 empleos directos e indirectos en un intento por conseguir ayuda federal, pero la mayor\u00eda de las compa\u00f1\u00edas no cualificaron porque tienen su sede corporativa fuera de Estados Unidos.<\/p>\n<p class=\"article__body main\">Vea:<\/p>\n<p class=\"article__body main\"><a rel=\"nofollow noopener\" target=\"_blank\" href=\"https:\/\/www.noticel.com\/ahora\/top-stories\/20200324\/turista-italiano-se-recupera-de-covid19-agradece-a-pr-y-pide-prevenir\/\" id=\"link-0040a642dcdc11ce414838255ad117b1\"> Turista italiano se recupera de COVID-19, agradece a PR, y pide prevenir <\/a><\/p>\n<p class=\"article__body main\"><a rel=\"nofollow noopener\" target=\"_blank\" href=\"https:\/\/www.noticel.com\/tribunales\/ahora\/mundo\/top-stories\/20200413\/demanda-contra-crucero-que-dejo-en-puerto-rico-primer-caso-identificado-de-covid-19\/\" id=\"link-c7dfe0e415f482ea507fba3bb79856b5\">Demanda contra crucero que dej\u00f3 en Puerto Rico primer caso identificado de COVID-19 <\/a><\/p>\n<\/p><\/div>\n<p><script async=0 defer=1 crossorigin=\"anonymous\" src=\"https:\/\/connect.facebook.net\/en_US\/sdk.js#xfbml=1&#038;version=v4.0\"><\/script><script>(function(d, s, id) {\nvar js, fjs = d.getElementsByTagName(s)[0];\nif (d.getElementById(id)) return;\njs = d.createElement(s); js.id = id;\njs.src=\"https:\/\/connect.facebook.net\/en_US\/sdk.js#xfbml=1&version=v3.2\";\nfjs.parentNode.insertBefore(js, fjs);\n}(document, 'script', 'facebook-jssdk'));<\/script><br \/>\n<br \/><\/p>\n<p><em> &#8221; Fuentes www.noticel.com &#8221; <\/em><\/p>\n","protected":false},"excerpt":{"rendered":"<p>Mientras se manifestaban infecciones abordo, permiti\u00f3 entrada de funcionarios gubernamentales. La Guardia Costera (GC) no impuso multa ni recomend\u00f3 acci\u00f3n administrativa contra el crucero que trajo a la isla el primer caso de coronavirus el 8 de marzo de 2020 y que, mientras ten\u00eda en cuarentena y en vigilancia a tripulantes y pasajeros por sospecha [&hellip;]<\/p>\n","protected":false},"author":4,"featured_media":92763,"comment_status":"open","ping_status":"closed","sticky":false,"template":"","format":"standard","meta":{"om_disable_all_campaigns":false,"jnews-multi-image_gallery":[],"jnews_single_post":[],"jnews_primary_category":[],"jnews_social_meta":[],"footnotes":""},"categories":[41],"tags":[],"class_list":["post-92762","post","type-post","status-publish","format-standard","has-post-thumbnail","hentry","category-cruceros"],"_links":{"self":[{"href":"https:\/\/dimensionturistica.com\/es\/wp-json\/wp\/v2\/posts\/92762","targetHints":{"allow":["GET"]}}],"collection":[{"href":"https:\/\/dimensionturistica.com\/es\/wp-json\/wp\/v2\/posts"}],"about":[{"href":"https:\/\/dimensionturistica.com\/es\/wp-json\/wp\/v2\/types\/post"}],"author":[{"embeddable":true,"href":"https:\/\/dimensionturistica.com\/es\/wp-json\/wp\/v2\/users\/4"}],"replies":[{"embeddable":true,"href":"https:\/\/dimensionturistica.com\/es\/wp-json\/wp\/v2\/comments?post=92762"}],"version-history":[{"count":0,"href":"https:\/\/dimensionturistica.com\/es\/wp-json\/wp\/v2\/posts\/92762\/revisions"}],"wp:featuredmedia":[{"embeddable":true,"href":"https:\/\/dimensionturistica.com\/es\/wp-json\/wp\/v2\/media\/92763"}],"wp:attachment":[{"href":"https:\/\/dimensionturistica.com\/es\/wp-json\/wp\/v2\/media?parent=92762"}],"wp:term":[{"taxonomy":"category","embeddable":true,"href":"https:\/\/dimensionturistica.com\/es\/wp-json\/wp\/v2\/categories?post=92762"},{"taxonomy":"post_tag","embeddable":true,"href":"https:\/\/dimensionturistica.com\/es\/wp-json\/wp\/v2\/tags?post=92762"}],"curies":[{"name":"wp","href":"https:\/\/api.w.org\/{rel}","templated":true}]}}