{"id":927533,"date":"2025-02-12T09:28:49","date_gmt":"2025-02-12T09:28:49","guid":{"rendered":"https:\/\/dimensionturistica.com\/es\/?p=927533"},"modified":"2025-02-12T09:28:49","modified_gmt":"2025-02-12T09:28:49","slug":"novedades-para-profesionales-del-sector-turistico-3","status":"publish","type":"post","link":"https:\/\/dimensionturistica.com\/es\/novedades-para-profesionales-del-sector-turistico-3\/","title":{"rendered":"Novedades para Profesionales del Sector Tur\u00edstico"},"content":{"rendered":"<h3>La controversia tur\u00edstica en Baleares: \u00bfProhibici\u00f3n necesaria o amenaza a la industria?<\/h3>\n<p>En medio de un entorno tur\u00edstico cada vez m\u00e1s competitivo y regulado, las agencias de viajes en Baleares est\u00e1n levantando la voz en contra de una reciente propuesta que busca prohibir las visitas a ciertos lugares considerados sensibilizados o emblem\u00e1ticos. Esta controversia ha puesto en el foco la tensi\u00f3n entre la conservaci\u00f3n del patrimonio y el desarrollo sostenible del turismo, un dilema que muchos destinos en el mundo empiezan a afrontar.<\/p>\n<p>Por un lado, quienes defienden la medida argumentan que con el turismo masivo a menudo se producen da\u00f1os irreversibles en el medio ambiente y los sitios hist\u00f3ricos. Proteger estos lugares es, sin duda, una prioridad, no solo para preservar la herencia cultural, sino tambi\u00e9n para garantizar que futuras generaciones puedan disfrutarlos. Sin embargo, los opositores a esta prohibici\u00f3n, incluidos los operadores tur\u00edsticos, advierten que limitar el acceso a estos espacios podr\u00eda tener consecuencias devastadoras para la econom\u00eda local, que depende en gran medida de la afluencia de visitantes.<\/p>\n<p>Las agencias de viajes han resaltado la importancia de encontrar un equilibrio entre la protecci\u00f3n del patrimonio y el desarrollo econ\u00f3mico. En un archipi\u00e9lago que recibe millones de turistas cada a\u00f1o, las voces del sector tur\u00edstico se tornan esenciales en el debate. La propuesta de prohibici\u00f3n, seg\u00fan ellos, podr\u00eda transformar las Baleares de un destino vibrante y acogedor a uno inaccesible, afectando a miles de empleos y peque\u00f1as empresas que se benefician del turismo.<\/p>\n<p>Adem\u00e1s, han se\u00f1alado que la educaci\u00f3n y el turismo responsable pueden ser herramientas efectivas para preservar los lugares de inter\u00e9s sin recurrir a prohibiciones dr\u00e1sticas. Iniciativas como tours guiados que fomenten el respeto por el entorno, programas de sensibilizaci\u00f3n para los turistas y medidas de control de aforo podr\u00edan ser alternativas viables y menos perjudiciales para la econom\u00eda local.<\/p>\n<p>Al mismo tiempo, el sector tur\u00edstico ha comenzado a replantearse sus estrategias. Es una oportunidad para innovar y adaptar las ofertas a un modelo m\u00e1s sostenible. Desde propuestas de turismo rural hasta experiencias de inmersi\u00f3n cultural que inviten a los visitantes a conectar de manera m\u00e1s profunda con el entorno, las posibilidades son amplias. La sostenibilidad se presenta no solo como una exigencia, sino como una ventaja competitiva en un mercado que cada vez valora m\u00e1s la responsabilidad ambiental.<\/p>\n<p>En conclusi\u00f3n, el debate actual en Baleares no se limita a la simple prohibici\u00f3n de visitas. Es un llamado a todos los actores implicados a colaborar y buscar soluciones innovadoras que protejan el patrimonio sin sacrificar el vital pulso econ\u00f3mico que conlleva el turismo. Las decisiones que se tomen en este momento determinar\u00e1n no solo el futuro del sector, sino tambi\u00e9n el legado cultural y natural que dejar\u00e1n a las generaciones venideras. Las Baleares tienen la oportunidad de posicionarse como un ejemplo de turismo responsable, donde la preservaci\u00f3n y el disfrute vayan de la mano.<\/p>\n<p><em> &#8221; Sources agenttravel.es &#8221; <\/em><\/p>\n<p><em> &#8221; Sources agenttravel.es &#8221; <\/em><\/p>\n","protected":false},"excerpt":{"rendered":"<p>La controversia tur\u00edstica en Baleares: \u00bfProhibici\u00f3n necesaria o amenaza a la industria? En medio de un entorno tur\u00edstico cada vez m\u00e1s competitivo y regulado, las agencias de viajes en Baleares est\u00e1n levantando la voz en contra de una reciente propuesta que busca prohibir las visitas a ciertos lugares considerados sensibilizados o emblem\u00e1ticos. Esta controversia ha [&hellip;]<\/p>\n","protected":false},"author":4,"featured_media":927534,"comment_status":"open","ping_status":"closed","sticky":false,"template":"","format":"standard","meta":{"om_disable_all_campaigns":false,"jnews-multi-image_gallery":[],"jnews_single_post":[],"jnews_primary_category":[],"jnews_social_meta":[],"footnotes":""},"categories":[40],"tags":[707,569,21191,3225,9288,47338,47339,715,1289,1296,47340,39936,6942,103148,705,21552,47337,773,1103,26265,5794,18737,2182,544,1488,545],"class_list":["post-927533","post","type-post","status-publish","format-standard","has-post-thumbnail","hentry","category-industria","tag-actualidad","tag-agencias-de-viajes","tag-agente-de-viajes","tag-agentes-de-viaje","tag-companias-aereas","tag-diario-de-turismo","tag-diario-turistico","tag-economia","tag-hoteles","tag-industria-turistica","tag-informacion-de-turismo","tag-informacion-turistica","tag-mayoristas","tag-mercado-turistico","tag-noticias","tag-noticias-de-turismo","tag-noticias-turisticas","tag-opinion","tag-profesional","tag-rent-a-car","tag-sector-aereo","tag-seguros-de-viaje","tag-tendencias","tag-turismo","tag-turoperadores","tag-viajes"],"_links":{"self":[{"href":"https:\/\/dimensionturistica.com\/es\/wp-json\/wp\/v2\/posts\/927533","targetHints":{"allow":["GET"]}}],"collection":[{"href":"https:\/\/dimensionturistica.com\/es\/wp-json\/wp\/v2\/posts"}],"about":[{"href":"https:\/\/dimensionturistica.com\/es\/wp-json\/wp\/v2\/types\/post"}],"author":[{"embeddable":true,"href":"https:\/\/dimensionturistica.com\/es\/wp-json\/wp\/v2\/users\/4"}],"replies":[{"embeddable":true,"href":"https:\/\/dimensionturistica.com\/es\/wp-json\/wp\/v2\/comments?post=927533"}],"version-history":[{"count":0,"href":"https:\/\/dimensionturistica.com\/es\/wp-json\/wp\/v2\/posts\/927533\/revisions"}],"wp:featuredmedia":[{"embeddable":true,"href":"https:\/\/dimensionturistica.com\/es\/wp-json\/wp\/v2\/media\/927534"}],"wp:attachment":[{"href":"https:\/\/dimensionturistica.com\/es\/wp-json\/wp\/v2\/media?parent=927533"}],"wp:term":[{"taxonomy":"category","embeddable":true,"href":"https:\/\/dimensionturistica.com\/es\/wp-json\/wp\/v2\/categories?post=927533"},{"taxonomy":"post_tag","embeddable":true,"href":"https:\/\/dimensionturistica.com\/es\/wp-json\/wp\/v2\/tags?post=927533"}],"curies":[{"name":"wp","href":"https:\/\/api.w.org\/{rel}","templated":true}]}}