{"id":92748,"date":"2021-03-09T09:01:07","date_gmt":"2021-03-09T09:01:07","guid":{"rendered":"https:\/\/dimensionturistica.com\/es\/?p=92748"},"modified":"2021-03-09T09:01:07","modified_gmt":"2021-03-09T09:01:07","slug":"la-transformacion-del-puerto-de-arrecife-se-hace-realidad","status":"publish","type":"post","link":"https:\/\/dimensionturistica.com\/es\/la-transformacion-del-puerto-de-arrecife-se-hace-realidad\/","title":{"rendered":"La transformaci\u00f3n del Puerto de Arrecife se hace realidad"},"content":{"rendered":"<p> <br \/>\n<\/p>\n<div id=\"\">\n<p class=\"Standard\"><b><img decoding=\"async\" itemprop=\"image\" src=\"https:\/\/dimensionturistica.com\/es\/wp-content\/uploads\/2021\/03\/La-transformacion-del-Puerto-de-Arrecife-se-hace-realidad.jpg\"\/><\/b><\/p>\n<p>&#13;<\/p>\n<p class=\"Standard\"><b>El presidente de la Autoridad Portuaria, Luis Ibarra, asegura que espera que la ampliaci\u00f3n del Muelle de Naos salga a licitaci\u00f3n en octubre y est\u00e9 terminada en 2023<\/b><\/p>\n<p>&#13;<br \/>\n &#13;<\/p>\n<p class=\"Standard\">\u00a0<\/p>\n<p>&#13;<\/p>\n<p class=\"Standard\"><b><\/p>\n<li class=\"texto\"><i class=\"fa fa-file-text-o\"\/>Lancelot Digital<\/li>\n<p><\/b><\/p>\n<p>&#13;<\/p>\n<p class=\"Standard\"><b>\u00a0<\/b><\/p>\n<p>&#13;<\/p>\n<p class=\"Standard\"><b>-La hoja de ruta pactada con Lanzarote se est\u00e1 cumpliendo, y seg\u00fan esta hoja de ruta, el mes que viene se iniciar\u00edan una serie de obras, \u00bfcu\u00e1les ser\u00edan?<\/b><\/p>\n<p>&#13;<\/p>\n<p class=\"Standard\">-Hemos terminado en los \u00faltimos a\u00f1os la ampliaci\u00f3n del Muelle de los M\u00e1rmoles, hemos hecho el contradique, y ahora, de lo que se trata es de trabajar con la m\u00e1xima rapidez para conseguir esa uni\u00f3n del muelle de Naos que haga posible cumplir con estas obras. Los compromisos de las grandes obras previstas, que son las que tendr\u00e1 Lanzarote en los pr\u00f3ximos veinte o treinta a\u00f1os, se est\u00e1n cumpliendo. De las obras previstas, la m\u00e1s importante es la ampliaci\u00f3n del Muelle de Naos, que est\u00e1 financiada con fondos europeos y, por tanto, nos pagar\u00edan el 85 por ciento del coste complete y, precisamente por eso, nos urge, para no perder estos fondos. El tema es que la complejidad de los trabajos previos de esta obra es muy grande.<\/p>\n<p>&#13;<\/p>\n<p class=\"Standard\"><b>\u00a0<\/b><\/p>\n<p>&#13;<\/p>\n<p class=\"Standard\"><b>&#8211; \u00bfQu\u00e9 plazos se barajan para iniciarla?<\/b><\/p>\n<p>&#13;<\/p>\n<p class=\"Standard\">-Estamos trabajando en el proyecto que esperamos tener terminado en el mes de abril o el de mayo. Posteriormente, solicitaremos del Ministerio de Medio Ambiente el informe de compatibilidad para poder sacarlo a licitar. Yo espero que en octubre de este a\u00f1o esta obra est\u00e9 licit\u00e1ndose para poder tenerla terminada en 2023, que es el plazo que tenemos para justificar los fondos europeos.<\/p>\n<p>&#13;<\/p>\n<p class=\"Standard\"><b>\u00a0<\/b><\/p>\n<p>&#13;<\/p>\n<p class=\"Standard\"><b>-Con las ampliaciones que se han acometido el puerto tiene capacidad como para aspirar a otras actividades, como es la reparaci\u00f3n a flote, teniendo en cuenta los importantes descuentos que tiene la isla\u2026 \u00bfse estudiar\u00e1 esta opci\u00f3n?<\/b><\/p>\n<p>&#13;<\/p>\n<p class=\"Standard\">-No es que se estudie, es que hemos puesto los descuentos en la Ley de presupuestos precisamente para incentivar a los armadores a que puedan coger la isla de Lanzarote, el lugar de la de Gran Canaria precisamente por estos descuentos. Hemos visto que se suele preferir Gran Canaria, por la experiencia que atesora y, de esta manera, conseguimos sumar a Lanzarote, aunque es cierto que la pandemia ha hecho que todo sea m\u00e1s prolongado.<\/p>\n<p>&#13;<\/p>\n<p class=\"Standard\"><b>\u00a0<\/b><\/p>\n<p>&#13;<\/p>\n<p class=\"Standard\"><b>-\u00bfCu\u00e1l es la pol\u00edtica comercial para la captaci\u00f3n de barcos, tanto para la reparaci\u00f3n a flote como para hibernar?<\/b><\/p>\n<p>&#13;<\/p>\n<p class=\"Standard\">-No es ir a ferias que, adem\u00e1s, obviamente, se han paralizado por la covid, lo importante es hablar con los consignatarios que hay en la isla, los que trabajan con estas unidades del mundo Off Shore y venderles las bondades del Puerto de Los M\u00e1rmoles. Sabemos que puede haber una solicitud en breve, pero esto puede variar\u2026 lo importante es trabajar con los consignatarios y hacerles ver que en Lanzarote se pueden ahorrar un cuarenta por ciento de las tasas con respecto a Gran Canaria.<\/p>\n<p>&#13;<\/p>\n<p class=\"Standard\"><b>\u00a0<\/b><\/p>\n<p>&#13;<\/p>\n<p class=\"Standard\"><b>-\u00bfQu\u00e9 perspectivas hay para el mercado de cruceros en los pr\u00f3ximos meses?<\/b><\/p>\n<p>&#13;<\/p>\n<p class=\"Standard\">-Si me hubieran hecho esta pregunta hace dos meses hubiera afirmado que entre febrero y marzo esper\u00e1bamos cuatro o cinco cruceros, pero lo cierto es que la tercera ola del covid ha bloqueado esta expectativa y nos hemos quedado \u00fanicamente con la oferta de TUI, que tiene los dos \u00fanicos barcos que hay en el hemisferio norte, a nivel mundial. Intuimos que, tan pronto, tengamos una vacunaci\u00f3n de en torno al 70 por ciento de la poblaci\u00f3n, las cosas mejorar\u00e1n. Creo que el pr\u00f3ximo invierno volveremos a tener cifras muy importantes. Los indicadores nos dicen que los europeos est\u00e1n desesperados por volver a visitarnos. Ahora lo importante es si podemos captar alg\u00fan crucero m\u00e1s para abril o mayo, y yo creo que s\u00ed lo conseguiremos.<\/p>\n<p>&#13;<\/p>\n<p class=\"Standard\"><b>\u00a0<\/b><\/p>\n<p>&#13;<\/p>\n<p class=\"Standard\"><b>-\u00bfEst\u00e1 planificada alguna instalaci\u00f3n en el puerto de Arrecife para que los buques cuando est\u00e9n atracados puedan suministrarse el\u00e9ctricamente desde tierra?<\/b><\/p>\n<p>&#13;<\/p>\n<p class=\"Standard\">-Ahora mismo en Arrecife estamos centrados en algunos peque\u00f1os proyectos de obra y con la gran obra que queremos terminar en Naos, as\u00ed que lo dem\u00e1s est\u00e1 parado. Pero uno de los objetivos que tenemos, que ya hemos empezado en el muelle pesquero del Muelle de la Luz, es que los barcos puedan suministrarse el\u00e9ctricamente desde tierra, en efecto.<\/p>\n<p>&#13;<\/p>\n<p class=\"Standard\"><b>\u00a0<\/b><\/p>\n<p>&#13;<\/p>\n<p class=\"Standard\"><b>-Se han solicitado unas instalaciones para albergar a Salvamar, Guardia Civil y los pr\u00e1cticos, \u00bfse sabe algo de esto? \u00bfSe est\u00e1 trabajando en ello?<\/b><\/p>\n<p>&#13;<\/p>\n<p class=\"Standard\">-S\u00ed. Es un proyecto que estamos empezando a analizar. No es mucho dinero y esperamos poder sacarlo en 2022 para tener, dentro del Muelle de Naos, unos edificios dignos para estos funcionarios p\u00fablicos.<\/p>\n<p>&#13;<\/p>\n<p class=\"Standard\"><b>\u00a0<\/b><\/p>\n<p>&#13;<\/p>\n<p class=\"Standard\"><b>-\u00bfSe ha adjudicado ya la mejora del edificio de cruceristas del Muelle de los M\u00e1rmoles?<\/b><\/p>\n<p>&#13;<\/p>\n<p class=\"Standard\">-Lo hemos sacado a concurso. Las empresas tienen de plazo hasta finales de mayo, por lo que probablemente, se adjudicar\u00e1 en septiembre o en octubre, a m\u00e1s tardar.<\/p>\n<p>&#13;<\/p>\n<p class=\"Standard\"><b>\u00a0<\/b><\/p>\n<p>&#13;<\/p>\n<p class=\"Standard\"><b>-Est\u00e1 prevista tambi\u00e9n la ubicaci\u00f3n de una boya de amarre en la zona del Muelle de Cruceros para mejorar el atraque, \u00bfpara cu\u00e1ndo estar\u00eda prevista?<\/b><\/p>\n<p>&#13;<\/p>\n<p class=\"Standard\">-Eso ya lo hemos sacado a licitaci\u00f3n y tenemos ya a una empresa que lo ha ganado, por tanto, en los pr\u00f3ximos dos o tres meses estar\u00e1 instalada. El objetivo de esta boya es ganar unos pocos metros m\u00e1s para que, con la ampliaci\u00f3n del Muelle de Naos, nos quepan dos barcos de cruceros el mismo d\u00eda. La concept es, en lo posible, intentar que no haya d\u00edas de cinco cruceros en el Muelle de Los M\u00e1rmoles, y que se puedan repartir.<\/p>\n<p>&#13;<\/p>\n<p class=\"Standard\"><b>\u00a0<\/b><\/p>\n<p>&#13;<\/p>\n<p class=\"Standard\"><b>&#8211; El Telam\u00f3n, \u00bfser\u00e1 finalmente retirado de la zona portuaria?<\/b><\/p>\n<p>&#13;<\/p>\n<p class=\"Standard\">-Llevamos dos intentos de retirar el Telam\u00f3n, de empresas que han presentado los papeles para hacerlo y, al last, cuando ya pens\u00e1bamos que se retirar\u00eda, se han echado para atr\u00e1s. Es un objetivo que tenemos y estamos buscando una empresa que lo haga. Es necesario por razones de seguridad porque, a pesar de que los carteles advierten con claridad que no se acerque nadie a la zona, lo siguen haciendo, as\u00ed que es preciso retirarlo.<\/p>\n<p>&#13;<\/p>\n<p class=\"Standard\">\u00a0<\/p>\n<p>&#13;<\/p>\n<p class=\"Standard\">Entrevista publicada en el <a rel=\"nofollow noopener\" target=\"_blank\" href=\"https:\/\/lancelot.es\/lancelot0321\">peri\u00f3dico Lancelot <\/a>de marzo.\u00a0<\/p>\n<p>&#13;<\/p>\n<p class=\"Standard\">\u00a0<\/p>\n<\/p><\/div>\n<p><script src=\"https:\/\/connect.facebook.net\/es_ES\/all.js#xfbml=1\" type=\"text\/javascript\"><\/script><script type=\"text\/javascript\">\n\/\/<![CDATA[\n   \twindow.fbAsyncInit = function() {\n\t\tFB.init({ appId: '171342606239806', \n\t\t\tstatus: true, \n\t\t\tcookie: true,\n\t\t\txfbml: true,\n\t\t\toauth: true\n\t\t});\n   \t\t    \n\t  \t\t};\n    \/\/      \n    jQuery(window).load(function() {\n    \t(function(){\n    \t\tif(!document.getElementById('fb-root')) {\n    \t\t\tvar root = document.createElement('div');\n    \t\t\troot.id = 'fb-root';\n    \t\t\tdocument.getElementById('gkfb-root').appendChild(root);\n    \t\t\tvar e = document.createElement('script');\n    \t\t\te.src = document.location.protocol + '\/\/connect.facebook.net\/es_ES\/all.js';\n    \t\t\te.async = true;\n    \t\t\tdocument.getElementById('fb-root').appendChild(e);\n    \t\t}  \n    \t})();\n    });\n    \/\/]]>\n<\/script><br \/>\n<br \/><\/p>\n<p><em> &#8221; Fuentes www.lancelotdigital.com &#8221; <\/em><\/p>\n","protected":false},"excerpt":{"rendered":"<p>&#13; El presidente de la Autoridad Portuaria, Luis Ibarra, asegura que espera que la ampliaci\u00f3n del Muelle de Naos salga a licitaci\u00f3n en octubre y est\u00e9 terminada en 2023 &#13; &#13; \u00a0 &#13; Lancelot Digital &#13; \u00a0 &#13; -La hoja de ruta pactada con Lanzarote se est\u00e1 cumpliendo, y seg\u00fan esta hoja de ruta, el [&hellip;]<\/p>\n","protected":false},"author":4,"featured_media":92749,"comment_status":"open","ping_status":"closed","sticky":false,"template":"","format":"standard","meta":{"om_disable_all_campaigns":false,"jnews-multi-image_gallery":[],"jnews_single_post":[],"jnews_primary_category":[],"jnews_social_meta":[],"footnotes":""},"categories":[41],"tags":[946],"class_list":["post-92748","post","type-post","status-publish","format-standard","has-post-thumbnail","hentry","category-cruceros","tag-lancelot-digital-noticias-lanzarote-diario-digital-periodico-canarias-sucesos-deportes-cultura-vida-social-opinion-semanario-revista"],"_links":{"self":[{"href":"https:\/\/dimensionturistica.com\/es\/wp-json\/wp\/v2\/posts\/92748","targetHints":{"allow":["GET"]}}],"collection":[{"href":"https:\/\/dimensionturistica.com\/es\/wp-json\/wp\/v2\/posts"}],"about":[{"href":"https:\/\/dimensionturistica.com\/es\/wp-json\/wp\/v2\/types\/post"}],"author":[{"embeddable":true,"href":"https:\/\/dimensionturistica.com\/es\/wp-json\/wp\/v2\/users\/4"}],"replies":[{"embeddable":true,"href":"https:\/\/dimensionturistica.com\/es\/wp-json\/wp\/v2\/comments?post=92748"}],"version-history":[{"count":0,"href":"https:\/\/dimensionturistica.com\/es\/wp-json\/wp\/v2\/posts\/92748\/revisions"}],"wp:featuredmedia":[{"embeddable":true,"href":"https:\/\/dimensionturistica.com\/es\/wp-json\/wp\/v2\/media\/92749"}],"wp:attachment":[{"href":"https:\/\/dimensionturistica.com\/es\/wp-json\/wp\/v2\/media?parent=92748"}],"wp:term":[{"taxonomy":"category","embeddable":true,"href":"https:\/\/dimensionturistica.com\/es\/wp-json\/wp\/v2\/categories?post=92748"},{"taxonomy":"post_tag","embeddable":true,"href":"https:\/\/dimensionturistica.com\/es\/wp-json\/wp\/v2\/tags?post=92748"}],"curies":[{"name":"wp","href":"https:\/\/api.w.org\/{rel}","templated":true}]}}