{"id":92650,"date":"2021-03-09T03:49:47","date_gmt":"2021-03-09T03:49:47","guid":{"rendered":"https:\/\/dimensionturistica.com\/es\/?p=92650"},"modified":"2021-03-09T03:49:47","modified_gmt":"2021-03-09T03:49:47","slug":"virgin-voyages-bautiza-a-su-tercer-crucero-como-resilient-lady","status":"publish","type":"post","link":"https:\/\/dimensionturistica.com\/es\/virgin-voyages-bautiza-a-su-tercer-crucero-como-resilient-lady\/","title":{"rendered":"Virgin Voyages bautiza a su tercer crucero como Resilient Lady"},"content":{"rendered":"<p> <br \/>\n<\/p>\n<div>\n<hr\/>\n<p style=\"text-align: justify;\"><strong><img decoding=\"async\" loading=\"lazy\" class=\"size-medium wp-image-178627 alignright\" src=\"https:\/\/dimensionturistica.com\/es\/wp-content\/uploads\/2021\/03\/Virgin-Voyages-bautiza-a-su-tercer-crucero-como-Resilient-Lady.jpg\" alt=\"\" width=\"330\" height=\"184\"  \/>Virgin Voyages<\/strong> inform\u00f3 que su tercer crucero se llamar\u00e1 <strong>Resilient Woman,<\/strong> iniciando sus viajes a partir de julio de 2022 con salidas desde Atenas con viajes de siete noches.<\/p>\n<p style=\"text-align: justify;\">\u201cNavegar en el Mediterr\u00e1neo es una experiencia extraordinaria y estamos muy emocionados de llevar la aventura de un viaje de Virgin a este hermoso lugar\u201d, dijo <strong>Sir Richard Branson, fundador de Virgin Group.<\/strong><\/p>\n<p style=\"text-align: justify;\"><strong>Resilient Woman<\/strong> ofrecer\u00e1 dos itinerarios por el mar Mediterr\u00e1neo, uno por las islas griegas que se extender\u00e1 por Santorini, Rodas, Creta y Mykonos. El segundo viaje ser\u00e1 por el mar Adri\u00e1tico, por Croacia y destinos como Kotor, Corf\u00fa y Argostoli.<\/p>\n<p style=\"text-align: justify;\">\u201cDar la bienvenida a Resilient Lady a nuestra flota y revelar estos incre\u00edbles itinerarios marca la pauta para el viaje de verano m\u00e1s memorable\u201d, plante\u00f3 <strong>Tom McAlpin, director ejecutivo y presidente de Virgin Voyages.<\/strong><\/p>\n<hr\/>\n<p>\u00a0<\/p>\n<\/p><\/div>\n\n<p><em> &#8221; Fuentes portalportuario.cl &#8221; <\/em><\/p>\n","protected":false},"excerpt":{"rendered":"<p>Virgin Voyages inform\u00f3 que su tercer crucero se llamar\u00e1 Resilient Woman, iniciando sus viajes a partir de julio de 2022 con salidas desde Atenas con viajes de siete noches. \u201cNavegar en el Mediterr\u00e1neo es una experiencia extraordinaria y estamos muy emocionados de llevar la aventura de un viaje de Virgin a este hermoso lugar\u201d, dijo [&hellip;]<\/p>\n","protected":false},"author":4,"featured_media":92651,"comment_status":"open","ping_status":"closed","sticky":false,"template":"","format":"standard","meta":{"om_disable_all_campaigns":false,"jnews-multi-image_gallery":[],"jnews_single_post":[],"jnews_primary_category":[],"jnews_social_meta":[],"footnotes":""},"categories":[41],"tags":[],"class_list":["post-92650","post","type-post","status-publish","format-standard","has-post-thumbnail","hentry","category-cruceros"],"_links":{"self":[{"href":"https:\/\/dimensionturistica.com\/es\/wp-json\/wp\/v2\/posts\/92650","targetHints":{"allow":["GET"]}}],"collection":[{"href":"https:\/\/dimensionturistica.com\/es\/wp-json\/wp\/v2\/posts"}],"about":[{"href":"https:\/\/dimensionturistica.com\/es\/wp-json\/wp\/v2\/types\/post"}],"author":[{"embeddable":true,"href":"https:\/\/dimensionturistica.com\/es\/wp-json\/wp\/v2\/users\/4"}],"replies":[{"embeddable":true,"href":"https:\/\/dimensionturistica.com\/es\/wp-json\/wp\/v2\/comments?post=92650"}],"version-history":[{"count":0,"href":"https:\/\/dimensionturistica.com\/es\/wp-json\/wp\/v2\/posts\/92650\/revisions"}],"wp:featuredmedia":[{"embeddable":true,"href":"https:\/\/dimensionturistica.com\/es\/wp-json\/wp\/v2\/media\/92651"}],"wp:attachment":[{"href":"https:\/\/dimensionturistica.com\/es\/wp-json\/wp\/v2\/media?parent=92650"}],"wp:term":[{"taxonomy":"category","embeddable":true,"href":"https:\/\/dimensionturistica.com\/es\/wp-json\/wp\/v2\/categories?post=92650"},{"taxonomy":"post_tag","embeddable":true,"href":"https:\/\/dimensionturistica.com\/es\/wp-json\/wp\/v2\/tags?post=92650"}],"curies":[{"name":"wp","href":"https:\/\/api.w.org\/{rel}","templated":true}]}}