{"id":92645,"date":"2021-03-09T03:33:00","date_gmt":"2021-03-09T03:33:00","guid":{"rendered":"https:\/\/dimensionturistica.com\/es\/?p=92645"},"modified":"2021-03-09T03:33:00","modified_gmt":"2021-03-09T03:33:00","slug":"dice-charlie-valentino-ver-en-tabasco-una-derecha-responsable-con-granier-y-el-gordito-bailarin-que-se-desnuda-en-los-cruceros","status":"publish","type":"post","link":"https:\/\/dimensionturistica.com\/es\/dice-charlie-valentino-ver-en-tabasco-una-derecha-responsable-con-granier-y-el-gordito-bailarin-que-se-desnuda-en-los-cruceros\/","title":{"rendered":"Dice Charlie Valentino ver en Tabasco una derecha responsable con Granier y &#8220;el gordito bailar\u00edn que se desnuda en los cruceros&#8221;"},"content":{"rendered":"<p> <br \/>\n<\/p>\n<div>\n<p>El diputado native, <strong><strong><strong>Charlie Valentino<\/strong><\/strong><\/strong> Le\u00f3n Flores Vera, dijo ver en <strong><strong><strong>Tabasco<\/strong><\/strong><\/strong> una corriente de &#8220;<strong><strong><strong>derecha<\/strong><\/strong><\/strong>&#8221; responsable con el precandidato del PRI a la presidencia municipal de Centro, Andr\u00e9s <strong><strong><strong>Granier<\/strong><\/strong><\/strong> Melo y con quien llam\u00f3 el &#8220;gordito bailar\u00edn que se desnuda en los cruceros&#8221;, en referencia al precandidato del PRD en Centro, Manuel <strong><strong><strong>Andrade<\/strong><\/strong><\/strong>.<\/p>\n<p>Durante asuntos generales de la sesi\u00f3n del Congreso Native, realiz\u00f3, a su estilo, un an\u00e1lisis sobre la injerencia de Estados Unidos en el desarrollo de M\u00e9xico.\u00a0<\/p>\n<p>Se centr\u00f3 en hablar del tratado de Bucareli que fenece en el a\u00f1o 2023.<\/p>\n<p><!-- CtrlPublicidad Inicio nota2 --> <!-- CtrlPublicidad Final 99239 --><\/p>\n<p>Expuso que cada vez m\u00e1s se aleja la posibilidad del regreso de los pol\u00edticos que, a decir de \u00e9l, hicieron da\u00f1o al pa\u00eds.\u00a0<\/p>\n<p>Al hacer un par\u00e9ntesis, declar\u00f3 que la <strong><strong><strong>derecha<\/strong><\/strong><\/strong> en <strong><strong><strong>Tabasco<\/strong><\/strong><\/strong> es m\u00e1s responsable, que la que gobern\u00f3 en el pasado a nivel nacional.<\/p>\n<p>&#8220;Hoy tenemos una <strong><strong><strong>derecha<\/strong><\/strong><\/strong> responsable. Tenemos una <strong><strong><strong>derecha<\/strong><\/strong><\/strong> motivada, preocupada por su pueblo, como por ejemplo el se\u00f1or Andr\u00e9s <strong><strong><strong>Granier<\/strong><\/strong><\/strong> y as\u00ed como tambi\u00e9n ese gordito bailar\u00edn que le gusta desnudarse en los cruceros, que pr\u00f3ximamente creo que ser\u00e1 candidato de alg\u00fan partido pol\u00edtico&#8221;, expuso.\u00a0<\/p>\n<p><!-- CtrlPublicidad Inicio nota3 --> <!-- CtrlPublicidad Final 99240 --><\/p>\n<p>El legislador de Morena pidi\u00f3 a &#8220;los legisladores del planeta&#8221; que no &#8220;legislen&#8221; por m\u00e1s impuestos, sino que lo hagan por &#8220;la salvaci\u00f3n del planeta que est\u00e1 a punto de extinguirse&#8221;.<\/p>\n<\/div>\n<p><script>\n                            (function (d, s, id) {\n                                var js, fjs = d.getElementsByTagName(s)[0];\n                                if (d.getElementById(id)) return;\n                                js = d.createElement(s); js.id = id;\n                                js.src = \"https:\/\/connect.facebook.net\/en_US\/all.js#xfbml=1&appId=280882251965109\";\n                                fjs.parentNode.insertBefore(js, fjs);\n                            }(document, 'script', 'facebook-jssdk'));\n                        <\/script><br \/>\n<br \/><\/p>\n<p><em> &#8221; Fuentes www.xevt.com &#8221; <\/em><\/p>\n","protected":false},"excerpt":{"rendered":"<p>El diputado native, Charlie Valentino Le\u00f3n Flores Vera, dijo ver en Tabasco una corriente de &#8220;derecha&#8221; responsable con el precandidato del PRI a la presidencia municipal de Centro, Andr\u00e9s Granier Melo y con quien llam\u00f3 el &#8220;gordito bailar\u00edn que se desnuda en los cruceros&#8221;, en referencia al precandidato del PRD en Centro, Manuel Andrade. Durante [&hellip;]<\/p>\n","protected":false},"author":4,"featured_media":92646,"comment_status":"open","ping_status":"closed","sticky":false,"template":"","format":"standard","meta":{"om_disable_all_campaigns":false,"jnews-multi-image_gallery":[],"jnews_single_post":[],"jnews_primary_category":[],"jnews_social_meta":[],"footnotes":""},"categories":[41],"tags":[],"class_list":["post-92645","post","type-post","status-publish","format-standard","has-post-thumbnail","hentry","category-cruceros"],"_links":{"self":[{"href":"https:\/\/dimensionturistica.com\/es\/wp-json\/wp\/v2\/posts\/92645","targetHints":{"allow":["GET"]}}],"collection":[{"href":"https:\/\/dimensionturistica.com\/es\/wp-json\/wp\/v2\/posts"}],"about":[{"href":"https:\/\/dimensionturistica.com\/es\/wp-json\/wp\/v2\/types\/post"}],"author":[{"embeddable":true,"href":"https:\/\/dimensionturistica.com\/es\/wp-json\/wp\/v2\/users\/4"}],"replies":[{"embeddable":true,"href":"https:\/\/dimensionturistica.com\/es\/wp-json\/wp\/v2\/comments?post=92645"}],"version-history":[{"count":0,"href":"https:\/\/dimensionturistica.com\/es\/wp-json\/wp\/v2\/posts\/92645\/revisions"}],"wp:featuredmedia":[{"embeddable":true,"href":"https:\/\/dimensionturistica.com\/es\/wp-json\/wp\/v2\/media\/92646"}],"wp:attachment":[{"href":"https:\/\/dimensionturistica.com\/es\/wp-json\/wp\/v2\/media?parent=92645"}],"wp:term":[{"taxonomy":"category","embeddable":true,"href":"https:\/\/dimensionturistica.com\/es\/wp-json\/wp\/v2\/categories?post=92645"},{"taxonomy":"post_tag","embeddable":true,"href":"https:\/\/dimensionturistica.com\/es\/wp-json\/wp\/v2\/tags?post=92645"}],"curies":[{"name":"wp","href":"https:\/\/api.w.org\/{rel}","templated":true}]}}