{"id":92536,"date":"2021-03-08T21:32:16","date_gmt":"2021-03-08T21:32:16","guid":{"rendered":"https:\/\/dimensionturistica.com\/es\/?p=92536"},"modified":"2021-03-08T21:32:16","modified_gmt":"2021-03-08T21:32:16","slug":"abren-circulacion-en-valentin-fuentes-y-pedro-rosales","status":"publish","type":"post","link":"https:\/\/dimensionturistica.com\/es\/abren-circulacion-en-valentin-fuentes-y-pedro-rosales\/","title":{"rendered":"Abren circulaci\u00f3n en Valent\u00edn Fuentes y Pedro Rosales"},"content":{"rendered":"<p> <br \/>\n<\/p>\n<div>\n<div class=\"td-a-rec td-a-rec-id-content_top  tdi_14_4a9 td_block_template_4\">\n<span class=\"td-adspot-title\">Todo evoluciona. Ahora somos&#8230;<\/span><\/p>\n<div class=\"td-all-devices\"><a rel=\"nofollow noopener\" target=\"_blank\" href=\"https:\/\/www.juarezadiario.com\/relacionados\/datos-y-cifras\/\"><img decoding=\"async\" src=\"https:\/\/dimensionturistica.com\/es\/wp-content\/uploads\/2021\/02\/Inicia-operativo-en-cruceros-y-avenidas.gif\"\/><\/a><\/div>\n<\/div>\n<p><strong>Forman parte de la segunda etapa del Programa de Rehabilitaci\u00f3n y Mantenimiento de Vialidades.<\/strong><span id=\"more-174491\"\/><\/p>\n<p><strong>Ciudad Ju\u00e1rez, Chih.- <\/strong>Las obras de reconstrucci\u00f3n del crucero de las calles Valent\u00edn Fuentes y Pedro Rosales de Le\u00f3n ya fueron abiertas a la circulaci\u00f3n vehicular.<\/p>\n<p>Se trata de una obra consistente en la reconstrucci\u00f3n de 1,212 metros cuadrados de concreto hidr\u00e1ulico de alta resistencia, a la cual se destin\u00f3 una inversi\u00f3n de poco m\u00e1s de dos millones de pesos; en lo que va del a\u00f1o se han intervenido siete distintos cruceros, con una inversi\u00f3n complete de m\u00e1s de 15.6 millones de pesos.<\/p>\n<div class=\"td-a-rec td-a-rec-id-content_inlineleft  tdi_13_647 td_block_template_4\">\n<span class=\"td-adspot-title\">&#8211; Publicidad &#8211; HP1<\/span><\/p>\n<div class=\"td-all-devices\">\n<p><noscript><a rel=\"nofollow noopener\" target=\"_blank\" href=\"https:\/\/jadtest-com.stackstaging.com\/admanager\/www\/delivery\/ck.php?n=b1bcbd6\"><img decoding=\"async\" border=\"0\" alt=\"\" src=\"https:\/\/dimensionturistica.com\/es\/wp-content\/uploads\/2021\/03\/Abren-circulacion-en-Valentin-Fuentes-y-Pedro-Rosales.php.jpeg\"\/><\/a><\/noscript><\/p>\n<\/div>\n<\/div>\n<p>Hasta el momento se han abierto a la circulaci\u00f3n tres cruceros de los siete que conforman el programa, le resto ser\u00e1n liberados al a tr\u00e1fico en los pr\u00f3ximos d\u00edas.<\/p>\n<p>Se trata de las intersecciones de las avenida 16 de Septiembre y Cadmio, bulevar Zaragoza y Capul\u00edn, adem\u00e1s de Valent\u00edn Fuentes y Pedro Rosales, las cuales ya son utilizadas por automovilistas.<\/p>\n<p>En los pr\u00f3ximos d\u00edas, se liberar\u00e1 al tr\u00e1fico vehicular las obras en las intersecciones de las calles, Margarito Herrara y Palacio de Mitla, Margarito Herrera y Ram\u00f3n Ray\u00f3n, 16 de Septiembre y Arroyo de las V\u00edboras, as\u00ed como Plutarco El\u00edas Calles y Simona Barba.<\/p>\n<p>Para evitar incidentes, la Direcci\u00f3n Common de Obras P\u00fablicas lanza un llamado a la comunidad para extremar precauciones al transitar por las zonas de intervenci\u00f3n, as\u00ed como considerar el uso de v\u00edas alternas.<\/p>\n<div id=\"mab-2754423431\" class=\"m-a-box \" data-plugin-release=\"4.2.16\" data-plugin-version=\"free\" data-box-layout=\"slim\" data-box-position=\"below\" data-multiauthor=\"false\" data-author-type=\"user\" itemscope=\"\" itemtype=\"https:\/\/schema.org\/Person\" style=\"width: 100%;            margin: 20px auto;\">\n<div class=\"m-a-box-container&#10;                                molongui-border-style-solid                molongui-border-width-0-px&#10;                m-a-box-shadow-none\" style=\"border-color: inherit;                background-color: inherit;\">\n<div class=\"m-a-box-tab m-a-box-content m-a-box-profile\" data-profile-layout=\"layout-1\" data-author-ref=\"user-58\">\n<div class=\"m-a-box-content-middle\">\n<div class=\"m-a-box-item m-a-box-avatar \">\n<a rel=\"nofollow noopener\" target=\"_blank\" href=\"https:\/\/www.juarezadiario.com\/autor\/agencias\/\"><br \/>\n<img decoding=\"async\" width=\"150\" height=\"150\" src=\"https:\/\/i0.wp.com\/www.juarezadiario.com\/wp-content\/uploads\/2016\/03\/iconoJaD-02.png?fit=150%2C150&amp;ssl=1\" class=\"m-radius-circled molongui-border-style-solid molongui-border-width-2-px jetpack-lazy-image\" alt=\"\" loading=\"lazy\" style=\"border-color:;\" itemprop=\"image\" data-attachment-id=\"16302\" data-permalink=\"https:\/\/www.juarezadiario.com\/iconojad-02\/\" data-orig-file=\"https:\/\/i0.wp.com\/www.juarezadiario.com\/wp-content\/uploads\/2016\/03\/iconoJaD-02.png?fit=512%2C512&amp;ssl=1\" data-orig-size=\"512,512\" data-comments-opened=\"1\" data-image-meta=\"{&quot;aperture&quot;:&quot;0&quot;,&quot;credit&quot;:&quot;&quot;,&quot;camera&quot;:&quot;&quot;,&quot;caption&quot;:&quot;&quot;,&quot;created_timestamp&quot;:&quot;0&quot;,&quot;copyright&quot;:&quot;&quot;,&quot;focal_length&quot;:&quot;0&quot;,&quot;iso&quot;:&quot;0&quot;,&quot;shutter_speed&quot;:&quot;0&quot;,&quot;title&quot;:&quot;&quot;,&quot;orientation&quot;:&quot;0&quot;}\" data-image-title=\"icono logo juarez a diario\" data-image-description=\"\" data-medium-file=\"https:\/\/i0.wp.com\/www.juarezadiario.com\/wp-content\/uploads\/2016\/03\/iconoJaD-02.png?fit=300%2C300&amp;ssl=1\" data-large-file=\"https:\/\/i0.wp.com\/www.juarezadiario.com\/wp-content\/uploads\/2016\/03\/iconoJaD-02.png?fit=512%2C512&amp;ssl=1\" data-lazy- data-lazy- data-lazy-src=\"https:\/\/dimensionturistica.com\/es\/wp-content\/uploads\/2021\/03\/Abren-circulacion-en-Valentin-Fuentes-y-Pedro-Rosales.png\" \/> <\/a>\n<\/div>\n<div class=\"m-a-box-item m-a-box-data \">\n<p><h5 class=\"molongui-font-size-18-px&#10;&#9;        molongui-text-align-left                        molongui-text-case-none\" style=\"color: inherit\" itemprop=\"name\">\n<span class=\"molongui-font-size-18-px molongui-text-align-left\" style=\"color:inherit;\"><br \/>\nRedacci\u00f3n ADN \/ Agencias <\/span><br \/>\n<\/h5>\n<\/p>\n<div class=\"m-a-box-bio\" itemprop=\"description\">\n<div class=\"molongui-font-size-11-px molongui-text-align-justify  molongui-text-style-normal molongui-line-height-10\" style=\"color: inherit\">\n<p>\u00bfQuieres compartir informaci\u00f3n o enviar boletines de prensa?<br \/>Env\u00edanos un correo.<\/p>\n<p>\u00bfTienes dudas? \u00bfNecesitas verificar alguna noticia?<br \/>No dudes en enviarnos un correo,\u00a0con gusto la verificamos por t\u00ed.<\/p>\n<p>S\u00edguenos en nuestras redes sociales.<\/p>\n<\/div>\n<\/div>\n<\/div>\n<\/div><\/div>\n<\/div>\n<\/div>\n<div class=\"td-a-rec td-a-rec-id-content_bottom  tdi_15_094 td_block_template_4\">\n<span class=\"td-adspot-title\">Apoya el periodismo sin compromisos en el que conf\u00edan los chihuahuenses. Patrocina ahora.<\/span><\/p>\n<div class=\"td-all-devices\"><a rel=\"nofollow noopener\" target=\"_blank\" href=\"https:\/\/www.juarezadiario.com\/media-kit\/patrocinios\/\"><img decoding=\"async\" src=\"https:\/\/dimensionturistica.com\/es\/wp-content\/uploads\/2020\/09\/1601091044_313_Arranca-reconstruccion-de-cruceros-Juarez-Porvenir-y-Riberas-del-Bravo.jpg\"\/><\/a><\/div>\n<\/div><\/div>\n<p><script>(function(d, s, id) {\n  var js, fjs = d.getElementsByTagName(s)[0];\n  if (d.getElementById(id)) return;\n  js = d.createElement(s); js.id = id;\n  js.src = \"https:\/\/connect.facebook.net\/es_LA\/sdk.js#xfbml=1&version=v2.6&appId=532358043497444\";\n  fjs.parentNode.insertBefore(js, fjs);\n}(document, 'script', 'facebook-jssdk'));<\/script><script>(function(d, s, id) {\n\t\t\t\tvar js, fjs = d.getElementsByTagName(s)[0];\n\t\t\t\tif (d.getElementById(id)) return;\n\t\t\t\tjs = d.createElement(s); js.id = id;\n\t\t\t\tjs.async=true; js.src = \"https:\/\/connect.facebook.net\/es_MX\/sdk.js#xfbml=1&version=v4.0\";\n\t\t\t\tfjs.parentNode.insertBefore(js, fjs);\n\t\t\t} ( document, 'script', 'facebook-jssdk' ) );<\/script><script>(function(d, s, id) {\n          var js, fjs = d.getElementsByTagName(s)[0];\n          if (d.getElementById(id)) return;\n          js = d.createElement(s); js.id = id;\n          js.src = \"https:\/\/connect.facebook.net\/es_MX\/sdk.js#xfbml=1&appId=532358043497444&version=v2.3\";\n          fjs.parentNode.insertBefore(js, fjs);\n        }(document, 'script', 'facebook-jssdk'));<\/script><br \/>\n<br \/><\/p>\n<p><em> &#8221; Fuentes www.juarezadiario.com &#8221; <\/em><\/p>\n","protected":false},"excerpt":{"rendered":"<p>Todo evoluciona. Ahora somos&#8230; Forman parte de la segunda etapa del Programa de Rehabilitaci\u00f3n y Mantenimiento de Vialidades. Ciudad Ju\u00e1rez, Chih.- Las obras de reconstrucci\u00f3n del crucero de las calles Valent\u00edn Fuentes y Pedro Rosales de Le\u00f3n ya fueron abiertas a la circulaci\u00f3n vehicular. Se trata de una obra consistente en la reconstrucci\u00f3n de 1,212 [&hellip;]<\/p>\n","protected":false},"author":4,"featured_media":85713,"comment_status":"open","ping_status":"closed","sticky":false,"template":"","format":"standard","meta":{"om_disable_all_campaigns":false,"jnews-multi-image_gallery":[],"jnews_single_post":[],"jnews_primary_category":[],"jnews_social_meta":[],"footnotes":""},"categories":[41],"tags":[],"class_list":["post-92536","post","type-post","status-publish","format-standard","has-post-thumbnail","hentry","category-cruceros"],"_links":{"self":[{"href":"https:\/\/dimensionturistica.com\/es\/wp-json\/wp\/v2\/posts\/92536","targetHints":{"allow":["GET"]}}],"collection":[{"href":"https:\/\/dimensionturistica.com\/es\/wp-json\/wp\/v2\/posts"}],"about":[{"href":"https:\/\/dimensionturistica.com\/es\/wp-json\/wp\/v2\/types\/post"}],"author":[{"embeddable":true,"href":"https:\/\/dimensionturistica.com\/es\/wp-json\/wp\/v2\/users\/4"}],"replies":[{"embeddable":true,"href":"https:\/\/dimensionturistica.com\/es\/wp-json\/wp\/v2\/comments?post=92536"}],"version-history":[{"count":0,"href":"https:\/\/dimensionturistica.com\/es\/wp-json\/wp\/v2\/posts\/92536\/revisions"}],"wp:featuredmedia":[{"embeddable":true,"href":"https:\/\/dimensionturistica.com\/es\/wp-json\/wp\/v2\/media\/85713"}],"wp:attachment":[{"href":"https:\/\/dimensionturistica.com\/es\/wp-json\/wp\/v2\/media?parent=92536"}],"wp:term":[{"taxonomy":"category","embeddable":true,"href":"https:\/\/dimensionturistica.com\/es\/wp-json\/wp\/v2\/categories?post=92536"},{"taxonomy":"post_tag","embeddable":true,"href":"https:\/\/dimensionturistica.com\/es\/wp-json\/wp\/v2\/tags?post=92536"}],"curies":[{"name":"wp","href":"https:\/\/api.w.org\/{rel}","templated":true}]}}