{"id":923832,"date":"2025-02-04T20:33:15","date_gmt":"2025-02-04T20:33:15","guid":{"rendered":"https:\/\/dimensionturistica.com\/es\/?p=923832"},"modified":"2025-02-04T20:33:15","modified_gmt":"2025-02-04T20:33:15","slug":"renovacion-del-programa-de-excursiones-para-personas-mayores-de-55-anos","status":"publish","type":"post","link":"https:\/\/dimensionturistica.com\/es\/renovacion-del-programa-de-excursiones-para-personas-mayores-de-55-anos\/","title":{"rendered":"Renovaci\u00f3n del programa de excursiones para personas mayores de 55 a\u00f1os."},"content":{"rendered":"<p><strong>Descubriendo el Mundo a Cualquier Edad: El Programa de Viajes para Mayores de 55 A\u00f1os en Extremadura<\/strong><\/p>\n<p>La riqueza cultural, hist\u00f3rica y natural de Extremadura est\u00e1 lista para ser explorada por aquellos que, a partir de los 55 a\u00f1os, desean redescubrir las maravillas del mundo a su alrededor. Con un renovado programa de viajes, el Gobierno regional ha dise\u00f1ado una iniciativa que no solo fomenta el turismo, sino que tambi\u00e9n promueve el bienestar y la socializaci\u00f3n entre los mayores.<\/p>\n<p>Viajar es una de las experiencias m\u00e1s gratificantes que hay. Cada destino ofrece una oportunidad \u00fanica de aprender y conectar con nuevas culturas, pero para nuestros mayores, estas escapadas se convierten en una forma de revivir recuerdos, crear nuevas historias y disfrutar de la vida al m\u00e1ximo. Bajo esta premisa, el programa de viajes para mayores de 55 a\u00f1os en Extremadura se ha adaptado, brindando itinerarios que se ajustan a las necesidades y preferencias de este grupo.<\/p>\n<p>Este programa no solo ofrece confort y facilidad de acceso a los destinos; tambi\u00e9n incluye una cuidada selecci\u00f3n de lugares que reflejan la diversidad del patrimonio extreme\u00f1o. Desde las hist\u00f3ricas ciudades de C\u00e1ceres y M\u00e9rida hasta los encantadores paisajes naturales del Parque Nacional de Monfrag\u00fce, cada viaje est\u00e1 dise\u00f1ado para ser una experiencia enriquecedora. Adem\u00e1s, la oferta abarca diferentes modalidades: desde escapadas culturales hasta rutas de aventura, cada participante podr\u00e1 elegir el viaje que m\u00e1s se ajuste a sus intereses personales.<\/p>\n<p>Uno de los aspectos m\u00e1s destacados de esta iniciativa es su enfoque en la socializaci\u00f3n. Viajar en grupo permite a los mayores interactuar, compartir experiencias y crear lazos, algo fundamental para su bienestar emocional. Las excursiones est\u00e1n planificadas para que sean diversas y entretenidas, garantizando que todos los participantes disfruten del trayecto tanto como del destino.<\/p>\n<p>Por otro lado, este renovado programa tambi\u00e9n busca incentivar el turismo dentro de la regi\u00f3n. Promover las bellezas naturales, la cocina tradicional y el patrimonio hist\u00f3rico de Extremadura se traduce en un impacto positivo para la econom\u00eda local, beneficiando a los peque\u00f1os negocios y promoviendo un turismo sostenible y responsable. De esta manera, cada viaje se convierte en un gesto de apoyo hacia la comunidad que se visita.<\/p>\n<p>Adem\u00e1s, cabe destacar que los precios son accesibles, lo que facilita que m\u00e1s personas puedan sumergirse en esta experiencia. El programa ha sido dise\u00f1ado para ofrecer opciones que se adapten a diferentes presupuestos, asegurando que todos los mayores tengan la oportunidad de disfrutar de una aventura.<\/p>\n<p>En conclusi\u00f3n, el renovado programa de viajes para mayores de 55 a\u00f1os en Extremadura representa una excelente oportunidad para explorar el mundo, disfrutar de nuevas experiencias y fortalecer v\u00ednculos sociales. Viajar es un regalo que podemos hacernos en cualquier etapa de la vida, y con este programa, los mayores tienen la oportunidad perfecta para hacerlo. No hay duda de que el futuro les espera con los brazos abiertos y llena de maravillas por descubrir. As\u00ed que, si eres mayor de 55 a\u00f1os o conoces a alguien que lo sea, no hay mejor momento que ahora para planear esa escapada so\u00f1ada y dejarse llevar por la aventura. \u00a1El mundo est\u00e1 ah\u00ed fuera, esperando ser explorado!<\/p>\n<p><em> &#8221; Sources www.canalextremadura.es &#8221; <\/em><\/p>\n<p><em> &#8221; Fuentes www.canalextremadura.es &#8221; <\/em><\/p>\n","protected":false},"excerpt":{"rendered":"<p>Descubriendo el Mundo a Cualquier Edad: El Programa de Viajes para Mayores de 55 A\u00f1os en Extremadura La riqueza cultural, hist\u00f3rica y natural de Extremadura est\u00e1 lista para ser explorada por aquellos que, a partir de los 55 a\u00f1os, desean redescubrir las maravillas del mundo a su alrededor. Con un renovado programa de viajes, el [&hellip;]<\/p>\n","protected":false},"author":4,"featured_media":923833,"comment_status":"open","ping_status":"closed","sticky":false,"template":"","format":"standard","meta":{"om_disable_all_campaigns":false,"jnews-multi-image_gallery":[],"jnews_single_post":[],"jnews_primary_category":[],"jnews_social_meta":[],"footnotes":""},"categories":[39],"tags":[11324,1105,9899,152437,136662,1819,544,545],"class_list":["post-923832","post","type-post","status-publish","format-standard","has-post-thumbnail","hentry","category-viajes","tag-accesibilidad","tag-actividades","tag-bienestar","tag-envejecimiento-activo","tag-mayores-de-55-anos","tag-programa","tag-turismo","tag-viajes"],"_links":{"self":[{"href":"https:\/\/dimensionturistica.com\/es\/wp-json\/wp\/v2\/posts\/923832","targetHints":{"allow":["GET"]}}],"collection":[{"href":"https:\/\/dimensionturistica.com\/es\/wp-json\/wp\/v2\/posts"}],"about":[{"href":"https:\/\/dimensionturistica.com\/es\/wp-json\/wp\/v2\/types\/post"}],"author":[{"embeddable":true,"href":"https:\/\/dimensionturistica.com\/es\/wp-json\/wp\/v2\/users\/4"}],"replies":[{"embeddable":true,"href":"https:\/\/dimensionturistica.com\/es\/wp-json\/wp\/v2\/comments?post=923832"}],"version-history":[{"count":0,"href":"https:\/\/dimensionturistica.com\/es\/wp-json\/wp\/v2\/posts\/923832\/revisions"}],"wp:featuredmedia":[{"embeddable":true,"href":"https:\/\/dimensionturistica.com\/es\/wp-json\/wp\/v2\/media\/923833"}],"wp:attachment":[{"href":"https:\/\/dimensionturistica.com\/es\/wp-json\/wp\/v2\/media?parent=923832"}],"wp:term":[{"taxonomy":"category","embeddable":true,"href":"https:\/\/dimensionturistica.com\/es\/wp-json\/wp\/v2\/categories?post=923832"},{"taxonomy":"post_tag","embeddable":true,"href":"https:\/\/dimensionturistica.com\/es\/wp-json\/wp\/v2\/tags?post=923832"}],"curies":[{"name":"wp","href":"https:\/\/api.w.org\/{rel}","templated":true}]}}