{"id":923021,"date":"2025-02-03T17:11:03","date_gmt":"2025-02-03T17:11:03","guid":{"rendered":"https:\/\/dimensionturistica.com\/es\/?p=923021"},"modified":"2025-02-03T17:11:03","modified_gmt":"2025-02-03T17:11:03","slug":"viajeros-que-abrazan-la-felicidad-afro-a-traves-de-aventuras-internacionales","status":"publish","type":"post","link":"https:\/\/dimensionturistica.com\/es\/viajeros-que-abrazan-la-felicidad-afro-a-traves-de-aventuras-internacionales\/","title":{"rendered":"Viajeros que abrazan la felicidad afro a trav\u00e9s de aventuras internacionales"},"content":{"rendered":"<h3>La Alegr\u00eda Negra: Un Viaje de Autodescubrimiento y Empoderamiento<\/h3>\n<p>En un mundo donde los viajes son m\u00e1s que simples desplazamientos geogr\u00e1ficos, una corriente fascinante est\u00e1 emergiendo entre los globetrotters contempor\u00e1neos: la b\u00fasqueda de la &quot;alegr\u00eda negra&quot;. Este concepto, que engloba la celebraci\u00f3n de la cultura, la historia y las ra\u00edces afrodescendientes, invita a quienes lo adopten a embarcarse en un viaje profundo, tanto f\u00edsico como espiritual.<\/p>\n<p>Viajar es una de las experiencias m\u00e1s enriquecedoras que una persona puede vivir. Pero m\u00e1s all\u00e1 de los paisajes impresionantes y las delicias culinarias, hay un rinc\u00f3n menos explorado de la experiencia viajera que est\u00e1 cobrando relevancia: la conexi\u00f3n con one&#8217;s identidad y la celebraci\u00f3n de la herencia cultural. Este enfoque, cada vez m\u00e1s com\u00fan entre los viajeros afrodescendientes, busca no solo descubrir nuevos lugares, sino tambi\u00e9n la historia que los une a ellos.<\/p>\n<p>La alegr\u00eda negra, por lo tanto, se manifiesta en diversas actividades, desde recorrer antiguos barrios afroamericanos en ciudades como Nueva Orleans o Dakar hasta participar en festivales culturales que destacan la m\u00fasica, la gastronom\u00eda y las tradiciones de las comunidades afrodescendientes en todo el mundo. Estos viajes no son meras excursiones; son actos de resistencia, de b\u00fasqueda de pertenencia y de orgullo que permiten a los viajeros reconectar con sus ra\u00edces.<\/p>\n<p>Una de las experiencias m\u00e1s poderosas que ofrecen estos viajes es la posibilidad de aprender sobre la lucha y el legado de los pueblos afrodescendientes. Explorar el impacto de la di\u00e1spora africana en otros pa\u00edses enriquece la perspectiva sobre la historia global y resalta la resiliencia y creatividad de estas comunidades a lo largo del tiempo. Desde las plantaciones en el sur de Estados Unidos hasta las islas del Caribe, cada destino cuenta una historia que merece ser escuchada y celebrada.<\/p>\n<p>Pero la alegr\u00eda negra no se limita solo a la autoexploraci\u00f3n; tambi\u00e9n nos invita a pensar cr\u00edticamente sobre el turismo como industria. A menudo, la narrativa en torno a los destinos tur\u00edsticos ignora las contribuciones y las historias de las comunidades afrodescendientes. Es aqu\u00ed donde el turismo responsable juega un papel crucial. Los viajeros pueden optar por apoyar iniciativas que empoderen a estas comunidades, eligiendo hospedajes, restaurantes y gu\u00edas que sean parte integral de la historia local y que trabajen para preservar y promover su cultura.<\/p>\n<p>Al aventurarse en este tipo de viajes, el turismo se transforma en un veh\u00edculo para el cambio. No solo se trata de disfrutar de lo que el mundo tiene para ofrecer, sino de participar activamente en su sostenibilidad, en su narrativa y en su futuro. Es un viaje que invita a la reflexi\u00f3n: \u00bfc\u00f3mo podemos ser m\u00e1s conscientes de las comunidades que nos reciben? \u00bfC\u00f3mo podemos aportar a sus historias y legados?<\/p>\n<p>La b\u00fasqueda de la alegr\u00eda negra a trav\u00e9s de los viajes es, en \u00faltima instancia, una llamada a celebrar la diversidad y a reconocer el valor de cada cultura. Es un viaje que invita a la introspecci\u00f3n y el empoderamiento, donde cada paso nos acerca a comprender mejor no solo qui\u00e9nes somos, sino tambi\u00e9n c\u00f3mo nos interconectamos con el mundo que nos rodea.<\/p>\n<p>As\u00ed que la pr\u00f3xima vez que pienses en tu pr\u00f3ximo destino, considera que viajar puede ser m\u00e1s que explorar; puede ser un acto de amor y respeto hacia las culturas que forman el rico tapiz de nuestra historia compartida. El esp\u00edritu de aventura y la b\u00fasqueda de la alegr\u00eda negra te esperan, listos para llevarte a lugares donde la historia, la cultura y el legado encuentran un espacio vibrante y acogedor. \u00a1Prep\u00e1rate para un viaje que te cambiar\u00e1 la vida!<\/p>\n<p><em> &#8221; Sources mujeresmas.mx &#8221; <\/em><\/p>\n<p><em> &#8221; Fuentes mujeresmas.mx &#8221; <\/em><\/p>\n","protected":false},"excerpt":{"rendered":"<p>La Alegr\u00eda Negra: Un Viaje de Autodescubrimiento y Empoderamiento En un mundo donde los viajes son m\u00e1s que simples desplazamientos geogr\u00e1ficos, una corriente fascinante est\u00e1 emergiendo entre los globetrotters contempor\u00e1neos: la b\u00fasqueda de la &quot;alegr\u00eda negra&quot;. Este concepto, que engloba la celebraci\u00f3n de la cultura, la historia y las ra\u00edces afrodescendientes, invita a quienes lo [&hellip;]<\/p>\n","protected":false},"author":4,"featured_media":923022,"comment_status":"open","ping_status":"closed","sticky":false,"template":"","format":"standard","meta":{"om_disable_all_campaigns":false,"jnews-multi-image_gallery":[],"jnews_single_post":[],"jnews_primary_category":[],"jnews_social_meta":[],"footnotes":""},"categories":[39],"tags":[207248,13687,662,4095,3959,56308,207247,545,1423],"class_list":["post-923021","post","type-post","status-publish","format-standard","has-post-thumbnail","hentry","category-viajes","tag-alegria-negra","tag-aventura","tag-cultura","tag-diversidad","tag-experiencias","tag-exploracion","tag-globetrotters","tag-viajes","tag-viajes-internacionales"],"_links":{"self":[{"href":"https:\/\/dimensionturistica.com\/es\/wp-json\/wp\/v2\/posts\/923021","targetHints":{"allow":["GET"]}}],"collection":[{"href":"https:\/\/dimensionturistica.com\/es\/wp-json\/wp\/v2\/posts"}],"about":[{"href":"https:\/\/dimensionturistica.com\/es\/wp-json\/wp\/v2\/types\/post"}],"author":[{"embeddable":true,"href":"https:\/\/dimensionturistica.com\/es\/wp-json\/wp\/v2\/users\/4"}],"replies":[{"embeddable":true,"href":"https:\/\/dimensionturistica.com\/es\/wp-json\/wp\/v2\/comments?post=923021"}],"version-history":[{"count":0,"href":"https:\/\/dimensionturistica.com\/es\/wp-json\/wp\/v2\/posts\/923021\/revisions"}],"wp:featuredmedia":[{"embeddable":true,"href":"https:\/\/dimensionturistica.com\/es\/wp-json\/wp\/v2\/media\/923022"}],"wp:attachment":[{"href":"https:\/\/dimensionturistica.com\/es\/wp-json\/wp\/v2\/media?parent=923021"}],"wp:term":[{"taxonomy":"category","embeddable":true,"href":"https:\/\/dimensionturistica.com\/es\/wp-json\/wp\/v2\/categories?post=923021"},{"taxonomy":"post_tag","embeddable":true,"href":"https:\/\/dimensionturistica.com\/es\/wp-json\/wp\/v2\/tags?post=923021"}],"curies":[{"name":"wp","href":"https:\/\/api.w.org\/{rel}","templated":true}]}}