{"id":922130,"date":"2025-02-01T09:10:34","date_gmt":"2025-02-01T09:10:34","guid":{"rendered":"https:\/\/dimensionturistica.com\/es\/?p=922130"},"modified":"2025-02-01T09:10:34","modified_gmt":"2025-02-01T09:10:34","slug":"2024-finaliza-con-un-record-historico-en-la-demanda-de-vuelos-aereos-registrando-un-incremento-del-104","status":"publish","type":"post","link":"https:\/\/dimensionturistica.com\/es\/2024-finaliza-con-un-record-historico-en-la-demanda-de-vuelos-aereos-registrando-un-incremento-del-104\/","title":{"rendered":"2024 Finaliza con un R\u00e9cord Hist\u00f3rico en la Demanda de Vuelos A\u00e9reos, Registrando un Incremento del 10,4%"},"content":{"rendered":"<h3>Un A\u00f1o de Viajes: El Auge Imparable de la Demanda A\u00e9rea<\/h3>\n<p>El mundo del turismo ha sido testigo de transformaciones dr\u00e1sticas en los \u00faltimos a\u00f1os, con el impacto de la pandemia redefiniendo las preferencias y h\u00e1bitos de viaje de millones. Sin embargo, a medida que las restricciones se han ido levantando, un fen\u00f3meno notable ha emergido: un aclamado regreso a los cielos con un incremento sin precedentes en la demanda de viajes a\u00e9reos.<\/p>\n<p>Seg\u00fan datos recientes, las proyecciones indican que el a\u00f1o 2024 marcar\u00e1 un hito en la historia de la aviaci\u00f3n, con un aumento significativo en el n\u00famero de pasajeros que buscan explorar nuevos destinos. Este escenario optimista no solo refleja el deseo renovado de volver a viajar, sino tambi\u00e9n, la adaptaci\u00f3n de las aerol\u00edneas ante las nuevas realidades del viajero moderno.<\/p>\n<p>En este contexto, diversos factores han contribuido a este renovado inter\u00e9s. Las campa\u00f1as de vacunaci\u00f3n masiva han generado confianza en los viajeros, quienes se sienten m\u00e1s seguros al planificar sus escapadas. Adem\u00e1s, una oferta m\u00e1s amplia de destinos, tanto nacionales como internacionales, y el lanzamiento de tarifas competitivas han facilitado la decisi\u00f3n de comprar un billete de avi\u00f3n. Las aerol\u00edneas, conscientes de esta tendencia, han optimizado sus operaciones y est\u00e1n trabajando arduamente para satisfacer esta creciente demanda.<\/p>\n<p>Otro aspecto a destacar es el papel destacado de las plataformas digitales que, con su usabilidad y accesibilidad, han transformado la manera en que planificamos y reservamos nuestros viajes. La posibilidad de comparar precios, leer opiniones y gestionar itinerarios desde un celular ha facilitado el proceso de planificaci\u00f3n, impulsando a m\u00e1s personas a dar el paso hacia la aventura.<\/p>\n<p>El crecimiento esperado del 10,4% en el n\u00famero de vuelos es testigo del cada vez m\u00e1s afianzado inter\u00e9s por redescubrir el mundo, desde escapadas cortas a destinos locales hasta emocionantes viajes intercontinentales. La b\u00fasqueda de nuevas experiencias y la apertura de fronteras han creado un espacio perfecto para que los viajeros se aventuren en la exploraci\u00f3n, dejando atr\u00e1s la rutina y la monoton\u00eda.<\/p>\n<p>Sin embargo, este aumento en la demanda tambi\u00e9n presenta desaf\u00edos. Las aerol\u00edneas y los aeropuertos deber\u00e1n anticiparse a las dificultades operativas que pueden surgir del n\u00famero elevado de pasajeros. Desde la gesti\u00f3n eficiente del embarque hasta la seguridad y el manejo del equipaje, cada detalle cuenta para asegurar que la experiencia de viaje siga siendo agradable y eficiente.<\/p>\n<p>En conclusi\u00f3n, el horizonte del turismo a\u00e9reo se pinta de color esperanzador para 2024. La pasi\u00f3n por viajar y el deseo de conectar con otros lugares y culturas est\u00e1 m\u00e1s vivo que nunca. As\u00ed, se abre una oportunidad \u00fanica para redescubrir el placer de volar, experimentar la diversidad del mundo y crear recuerdos que perdurar\u00e1n en el tiempo. Sin duda, estamos en la antesala de un nuevo cap\u00edtulo en la historia de los viajes, y la aventura solo est\u00e1 a un vuelo de distancia.<\/p>\n<p><em> &#8221; Sources www.europapress.es &#8221; <\/em><\/p>\n<p><em> &#8221; Fuentes www.europapress.es &#8221; <\/em><\/p>\n","protected":false},"excerpt":{"rendered":"<p>Un A\u00f1o de Viajes: El Auge Imparable de la Demanda A\u00e9rea El mundo del turismo ha sido testigo de transformaciones dr\u00e1sticas en los \u00faltimos a\u00f1os, con el impacto de la pandemia redefiniendo las preferencias y h\u00e1bitos de viaje de millones. Sin embargo, a medida que las restricciones se han ido levantando, un fen\u00f3meno notable ha [&hellip;]<\/p>\n","protected":false},"author":4,"featured_media":922131,"comment_status":"open","ping_status":"closed","sticky":false,"template":"","format":"standard","meta":{"om_disable_all_campaigns":false,"jnews-multi-image_gallery":[],"jnews_single_post":[],"jnews_primary_category":[],"jnews_social_meta":[],"footnotes":""},"categories":[39],"tags":[6495,2583,7315,3264,1296,78141,947,545],"class_list":["post-922130","post","type-post","status-publish","format-standard","has-post-thumbnail","hentry","category-viajes","tag-6495","tag-avion","tag-crecimiento","tag-demanda","tag-industria-turistica","tag-record-historico","tag-transporte-aereo","tag-viajes"],"_links":{"self":[{"href":"https:\/\/dimensionturistica.com\/es\/wp-json\/wp\/v2\/posts\/922130","targetHints":{"allow":["GET"]}}],"collection":[{"href":"https:\/\/dimensionturistica.com\/es\/wp-json\/wp\/v2\/posts"}],"about":[{"href":"https:\/\/dimensionturistica.com\/es\/wp-json\/wp\/v2\/types\/post"}],"author":[{"embeddable":true,"href":"https:\/\/dimensionturistica.com\/es\/wp-json\/wp\/v2\/users\/4"}],"replies":[{"embeddable":true,"href":"https:\/\/dimensionturistica.com\/es\/wp-json\/wp\/v2\/comments?post=922130"}],"version-history":[{"count":0,"href":"https:\/\/dimensionturistica.com\/es\/wp-json\/wp\/v2\/posts\/922130\/revisions"}],"wp:featuredmedia":[{"embeddable":true,"href":"https:\/\/dimensionturistica.com\/es\/wp-json\/wp\/v2\/media\/922131"}],"wp:attachment":[{"href":"https:\/\/dimensionturistica.com\/es\/wp-json\/wp\/v2\/media?parent=922130"}],"wp:term":[{"taxonomy":"category","embeddable":true,"href":"https:\/\/dimensionturistica.com\/es\/wp-json\/wp\/v2\/categories?post=922130"},{"taxonomy":"post_tag","embeddable":true,"href":"https:\/\/dimensionturistica.com\/es\/wp-json\/wp\/v2\/tags?post=922130"}],"curies":[{"name":"wp","href":"https:\/\/api.w.org\/{rel}","templated":true}]}}