{"id":92205,"date":"2021-03-08T09:54:25","date_gmt":"2021-03-08T09:54:25","guid":{"rendered":"https:\/\/dimensionturistica.com\/es\/?p=92205"},"modified":"2021-03-08T09:54:25","modified_gmt":"2021-03-08T09:54:25","slug":"grupo-playcar-nos-sorprende-con-la-inminente-llegada-del-dfsk-seres-3","status":"publish","type":"post","link":"https:\/\/dimensionturistica.com\/es\/grupo-playcar-nos-sorprende-con-la-inminente-llegada-del-dfsk-seres-3\/","title":{"rendered":"Grupo Playcar nos sorprende con la inminente llegada del DFSK Seres 3"},"content":{"rendered":"<p> <br \/>\n<\/p>\n<p>\n          <span class=\"author mr-3\">Ram\u00f3n G\u00f3mez<\/span><br \/>\n          <span class=\"datetime\"><\/p>\n<p>              <strong>07:17 \u2022 08 mar. 2021<\/strong><\/p>\n<p>                <span class=\"mx-2\">\/<\/span><br \/>\n                actualizado a las <strong>07:18 \u2022 08 mar. 2021<\/strong><\/p>\n<p>          <\/span>\n        <\/p>\n<div id=\"annotation-post-content\">\n<p><b>DFSK\u00a0 anuncia la llegada al concesionario oficial para Almer\u00eda Grupo Playcar de su SUV compacto el\u00e9ctrico, el Seres 3<\/b>, un modelo de poco menos de 4,40 metros de longitud que aspira a convertirse en la gran alternativa a los el\u00e9ctricos m\u00e1s importantes de su segmento, a lo que DSFK a\u00f1ade un equipamiento m\u00e1s abundante y una mayor potencia.<br \/><b>El DFSK Seres 3 es un coche con unas l\u00edneas modernas y agradables , mide 4,39 metros de longitud y se sit\u00faa en el segmento C<\/b><\/p>\n<p><b><br \/><\/b><br \/><b>Inside<\/b><br \/><b>Su inside es sencillo y muy correcta, con detalles en coloration azul en alusi\u00f3n a su motor el\u00e9ctrico<\/b> y las pantallas de 10,25&#8243; para la instrumentaci\u00f3n y el sistema multimedia. Usar\u00e1 mandos f\u00edsicos para el climatizador y los diferentes modos de conducci\u00f3n, como novedad dispondr\u00e1 de una c\u00e1mara de conducci\u00f3n que graba todo lo que sucede delante del veh\u00edculo, asistente de aparcamiento con c\u00e1mara 360\u00b0, control de descenso, control de crucero o ayudas como el aviso de colisi\u00f3n frontal, o la alerta de cambio involuntario de carril.<\/p>\n<figure><picture><source  type=\"picture\/webp\"\/><img decoding=\"async\" src=\"https:\/\/dimensionturistica.com\/es\/wp-content\/uploads\/2021\/03\/Grupo-Playcar-nos-sorprende-con-la-inminente-llegada-del-DFSK.jpeg\" class=\"img-fluid\" loading=\"lazy\"\/><\/picture><\/figure>\n<\/p>\n<p><b>Motor con 163 CV y autonom\u00eda de 329 km<\/b><br \/><b>Su motor desarrollar\u00e1 una potencia de 163 CV y 300 Nm de par, alimentado por una bater\u00eda de litio-ferrofosfato de 53,6 kWh<\/b> de capacidad, la cual puede cargarse en 8 horas usando el cargador de a bordo de 6,6 kW o pasar del 20 % al 80 % en 30 minutos en carga r\u00e1pida, lo que nos da una potencia de carga de unos 65 kW. <b>Acelera de 0 a 100 km\/h en 8,9 segundos y alcanza una velocidad m\u00e1xima de 155 km\/h<\/b> limitada electr\u00f3nicamente, consiguiendo una autonom\u00eda de 329 km seg\u00fan el ciclo WLTP. Tanto la bater\u00eda como los componentes el\u00e9ctricos cuentan con una garant\u00eda de 8 a\u00f1os o 120.000.<\/p>\n<figure><picture><source  type=\"picture\/webp\"\/><img decoding=\"async\" src=\"https:\/\/dimensionturistica.com\/es\/wp-content\/uploads\/2021\/03\/1615197264_86_Grupo-Playcar-nos-sorprende-con-la-inminente-llegada-del-DFSK.jpeg\" class=\"img-fluid\" loading=\"lazy\"\/><\/picture><\/figure>\n<\/p>\n<p><b>Estaremos muy pendientes de las noticias que nos llegan del concesionario oficial Grupo Playcar sobre este interesante el\u00e9ctrico. All\u00ed nos contar\u00e1n la fecha de llegada a sus instalaciones y dem\u00e1s cualidades del nuevo modelo, que pronto esperamos probar en la secci\u00f3n de motor de La Voz.<br \/><\/b><img decoding=\"async\" src=\"https:\/\/dimensionturistica.com\/es\/wp-content\/uploads\/2021\/03\/1615197264_636_Grupo-Playcar-nos-sorprende-con-la-inminente-llegada-del-DFSK.jpeg\" style=\"width: 100%;\"\/><\/p>\n<figure><picture><source  type=\"picture\/webp\"\/><img decoding=\"async\" src=\"https:\/\/dimensionturistica.com\/es\/wp-content\/uploads\/2021\/03\/1615197264_621_Grupo-Playcar-nos-sorprende-con-la-inminente-llegada-del-DFSK.jpeg\" class=\"img-fluid\" loading=\"lazy\"\/><\/picture><\/figure>\n<\/p><\/div>\n\n<p><em> &#8221; Fuentes www.lavozdealmeria.com &#8221; <\/em><\/p>\n","protected":false},"excerpt":{"rendered":"<p>Ram\u00f3n G\u00f3mez 07:17 \u2022 08 mar. 2021 \/ actualizado a las 07:18 \u2022 08 mar. 2021 DFSK\u00a0 anuncia la llegada al concesionario oficial para Almer\u00eda Grupo Playcar de su SUV compacto el\u00e9ctrico, el Seres 3, un modelo de poco menos de 4,40 metros de longitud que aspira a convertirse en la gran alternativa a los [&hellip;]<\/p>\n","protected":false},"author":4,"featured_media":92206,"comment_status":"open","ping_status":"closed","sticky":false,"template":"","format":"standard","meta":{"om_disable_all_campaigns":false,"jnews-multi-image_gallery":[],"jnews_single_post":[],"jnews_primary_category":[],"jnews_social_meta":[],"footnotes":""},"categories":[41],"tags":[],"class_list":["post-92205","post","type-post","status-publish","format-standard","has-post-thumbnail","hentry","category-cruceros"],"_links":{"self":[{"href":"https:\/\/dimensionturistica.com\/es\/wp-json\/wp\/v2\/posts\/92205","targetHints":{"allow":["GET"]}}],"collection":[{"href":"https:\/\/dimensionturistica.com\/es\/wp-json\/wp\/v2\/posts"}],"about":[{"href":"https:\/\/dimensionturistica.com\/es\/wp-json\/wp\/v2\/types\/post"}],"author":[{"embeddable":true,"href":"https:\/\/dimensionturistica.com\/es\/wp-json\/wp\/v2\/users\/4"}],"replies":[{"embeddable":true,"href":"https:\/\/dimensionturistica.com\/es\/wp-json\/wp\/v2\/comments?post=92205"}],"version-history":[{"count":0,"href":"https:\/\/dimensionturistica.com\/es\/wp-json\/wp\/v2\/posts\/92205\/revisions"}],"wp:featuredmedia":[{"embeddable":true,"href":"https:\/\/dimensionturistica.com\/es\/wp-json\/wp\/v2\/media\/92206"}],"wp:attachment":[{"href":"https:\/\/dimensionturistica.com\/es\/wp-json\/wp\/v2\/media?parent=92205"}],"wp:term":[{"taxonomy":"category","embeddable":true,"href":"https:\/\/dimensionturistica.com\/es\/wp-json\/wp\/v2\/categories?post=92205"},{"taxonomy":"post_tag","embeddable":true,"href":"https:\/\/dimensionturistica.com\/es\/wp-json\/wp\/v2\/tags?post=92205"}],"curies":[{"name":"wp","href":"https:\/\/api.w.org\/{rel}","templated":true}]}}