{"id":91974,"date":"2021-03-07T19:31:36","date_gmt":"2021-03-07T19:31:36","guid":{"rendered":"https:\/\/dimensionturistica.com\/es\/?p=91974"},"modified":"2021-03-07T19:31:36","modified_gmt":"2021-03-07T19:31:36","slug":"domingo-de-accidentes-de-trailers-en-libramiento-ejercito-mexicano-en-colima-afmedios","status":"publish","type":"post","link":"https:\/\/dimensionturistica.com\/es\/domingo-de-accidentes-de-trailers-en-libramiento-ejercito-mexicano-en-colima-afmedios\/","title":{"rendered":"Domingo de accidentes de tr\u00e1ilers en libramiento Ej\u00e9rcito Mexicano en Colima | AFmedios ."},"content":{"rendered":"<p> <br \/>\n<\/p>\n<div>\n<p>Colima.- Esta ma\u00f1ana se registraron dos accidentes de tr\u00e1ilers a pocos metros de distancia en el puente vehicular del arco sur sobre el libramiento Ej\u00e9rcito Mexicano en la capital del estado.<span id=\"more-332640\"\/><\/p>\n<p>El primer tr\u00e1iler accidentado transportaba contenedores y se sali\u00f3 de la cinta asf\u00e1ltica antes de subir el puente del arco sur \u2013 que hace cruce con Ej\u00e9rcito Mexicano y Carlos de la Madrid -, la zona es popularmente conocida como crucero de la muerte.<\/p>\n<p>Este tr\u00e1iler circulaba direcci\u00f3n Colima \u2013 Tecom\u00e1n.<\/p>\n<p>Minutos despu\u00e9s otro tr\u00e1iler que circulaba en direcci\u00f3n Tecom\u00e1n \u2013 Colima, volc\u00f3 antes subir al mismo puente en el crucero de la muerte, pero al volcarse atraves\u00f3 la cerca perimetral y qued\u00f3 en sentido contrario.<\/p>\n<p>Hasta este momento no se reportan v\u00edctimas fatales.<\/p>\n<p>En el primer accidente el tripulante result\u00f3 ileso y de acuerdo a fuentes policiales, en el segundo accidente se report\u00f3 lesionado Ra\u00fal Cuevas Carmona 49 a\u00f1os y fue trasladado a la cl\u00ednica 1 del IMSS en c\u00f3digo amarillo .<\/p>\n<p>Los elementos de rescate de Protecci\u00f3n Civil y Bomberos se encuentran realizando maniobras para liberar la vialidad y auxiliar a los cuerpos de rescate.<\/p>\n<p>Se pide precauci\u00f3n en este tramo carretero en ambos sentidos.<\/p>\n<p>En un momento m\u00e1s informaci\u00f3n \u2026<\/p>\n<p>1er accidente<\/p>\n<p><iframe loading=\"lazy\" style=\"border: none; overflow: hidden;\" src=\"https:\/\/www.afmedios.com\/domingo-de-accidentes-de-trailers-en-libramiento-ejercito-mexicano-en-colima\/about:blank\" width=\"560\" height=\"314\" frameborder=\"0\" scrolling=\"no\" allowfullscreen=\"allowfullscreen\" data-rocket-lazyload=\"fitvidscompatible\" data-lazy-src=\"https:\/\/www.facebook.com\/plugins\/video.php?height=314&amp;href=https%3A%2F%2Fwww.facebook.com%2Fafmedios%2Fvideos%2F4115149888517490%2F&amp;show_text=false&amp;width=560\"><\/iframe><noscript><iframe loading=\"lazy\" style=\"border: none; overflow: hidden;\" src=\"https:\/\/www.facebook.com\/plugins\/video.php?height=314&amp;href=https%3A%2F%2Fwww.facebook.com%2Fafmedios%2Fvideos%2F4115149888517490%2F&amp;show_text=false&amp;width=560\" width=\"560\" height=\"314\" frameborder=\"0\" scrolling=\"no\" allowfullscreen=\"allowfullscreen\"><\/iframe><\/noscript><\/p>\n<p>2do accidente<\/p>\n<p><iframe loading=\"lazy\" style=\"border: none; overflow: hidden;\" src=\"https:\/\/www.afmedios.com\/domingo-de-accidentes-de-trailers-en-libramiento-ejercito-mexicano-en-colima\/about:blank\" width=\"560\" height=\"314\" frameborder=\"0\" scrolling=\"no\" allowfullscreen=\"allowfullscreen\" data-rocket-lazyload=\"fitvidscompatible\" data-lazy-src=\"https:\/\/www.facebook.com\/plugins\/video.php?height=314&amp;href=https%3A%2F%2Fwww.facebook.com%2Fafmedios%2Fvideos%2F745283219322675%2F&amp;show_text=false&amp;width=560\"><\/iframe><noscript><iframe loading=\"lazy\" style=\"border: none; overflow: hidden;\" src=\"https:\/\/www.facebook.com\/plugins\/video.php?height=314&amp;href=https%3A%2F%2Fwww.facebook.com%2Fafmedios%2Fvideos%2F745283219322675%2F&amp;show_text=false&amp;width=560\" width=\"560\" height=\"314\" frameborder=\"0\" scrolling=\"no\" allowfullscreen=\"allowfullscreen\"><\/iframe><\/noscript><\/p>\n<\/p><\/div>\n\n<p><em> &#8221; Fuentes www.afmedios.com &#8221; <\/em><\/p>\n","protected":false},"excerpt":{"rendered":"<p>Colima.- Esta ma\u00f1ana se registraron dos accidentes de tr\u00e1ilers a pocos metros de distancia en el puente vehicular del arco sur sobre el libramiento Ej\u00e9rcito Mexicano en la capital del estado. El primer tr\u00e1iler accidentado transportaba contenedores y se sali\u00f3 de la cinta asf\u00e1ltica antes de subir el puente del arco sur \u2013 que hace [&hellip;]<\/p>\n","protected":false},"author":4,"featured_media":91975,"comment_status":"open","ping_status":"closed","sticky":false,"template":"","format":"standard","meta":{"om_disable_all_campaigns":false,"jnews-multi-image_gallery":[],"jnews_single_post":[],"jnews_primary_category":[],"jnews_social_meta":[],"footnotes":""},"categories":[41],"tags":[],"class_list":["post-91974","post","type-post","status-publish","format-standard","has-post-thumbnail","hentry","category-cruceros"],"_links":{"self":[{"href":"https:\/\/dimensionturistica.com\/es\/wp-json\/wp\/v2\/posts\/91974","targetHints":{"allow":["GET"]}}],"collection":[{"href":"https:\/\/dimensionturistica.com\/es\/wp-json\/wp\/v2\/posts"}],"about":[{"href":"https:\/\/dimensionturistica.com\/es\/wp-json\/wp\/v2\/types\/post"}],"author":[{"embeddable":true,"href":"https:\/\/dimensionturistica.com\/es\/wp-json\/wp\/v2\/users\/4"}],"replies":[{"embeddable":true,"href":"https:\/\/dimensionturistica.com\/es\/wp-json\/wp\/v2\/comments?post=91974"}],"version-history":[{"count":0,"href":"https:\/\/dimensionturistica.com\/es\/wp-json\/wp\/v2\/posts\/91974\/revisions"}],"wp:featuredmedia":[{"embeddable":true,"href":"https:\/\/dimensionturistica.com\/es\/wp-json\/wp\/v2\/media\/91975"}],"wp:attachment":[{"href":"https:\/\/dimensionturistica.com\/es\/wp-json\/wp\/v2\/media?parent=91974"}],"wp:term":[{"taxonomy":"category","embeddable":true,"href":"https:\/\/dimensionturistica.com\/es\/wp-json\/wp\/v2\/categories?post=91974"},{"taxonomy":"post_tag","embeddable":true,"href":"https:\/\/dimensionturistica.com\/es\/wp-json\/wp\/v2\/tags?post=91974"}],"curies":[{"name":"wp","href":"https:\/\/api.w.org\/{rel}","templated":true}]}}