{"id":91917,"date":"2021-03-07T14:50:02","date_gmt":"2021-03-07T14:50:02","guid":{"rendered":"https:\/\/dimensionturistica.com\/es\/?p=91917"},"modified":"2021-03-07T14:50:02","modified_gmt":"2021-03-07T14:50:02","slug":"decoran-cruceros-con-lonas-alusivas-al-dia-de-la-familia","status":"publish","type":"post","link":"https:\/\/dimensionturistica.com\/es\/decoran-cruceros-con-lonas-alusivas-al-dia-de-la-familia\/","title":{"rendered":"Decoran cruceros con lonas alusivas al d\u00eda de la familia"},"content":{"rendered":"<p> <br \/>\n<\/p>\n<div>\n<p>Chihuahua.- Con lonas en cruceros y pasos peatonales en toda la ciudad con mensajes alusivos a fortalecer y proteger a la familia, conmemoran grupos pr\u00f3vida y professional familia este domingo 7 de marzo el \u201cEl D\u00eda de la Familia\u201d.<\/p>\n<p>-Llama \u201cCruzada por la Familia\u201d y la \u201cCoalici\u00f3n Nacional Sumas\u201d a blindar la c\u00e9lula m\u00e1s importante de la sociedad, de pol\u00edticas p\u00fablicas, como la \u201cIdeolog\u00eda de G\u00e9nero\u201d que destruye y da\u00f1a el tejido social.<\/p>\n<p>Hoy domingo 7 de marzo se conmemora el \u201cD\u00eda de la Familia\u201d en todo M\u00e9xico, por lo que integrantes de las asociaciones civiles \u201cCruzada por la Familia\u201d y la \u201cCoalici\u00f3n Nacional Sumas\u201d, salieron a las calles y colocaron desde temprana hora lonas en distintos cruceros y pasos peatonales de la ciudad, en donde convocan a los chihuahuenses a defender la c\u00e9lula m\u00e1s importante de la sociedad.<\/p>\n<p>Entre los mensajes colocados sobre el perif\u00e9rico de la Juventud, avenidas Pacheco, Te\u00f3filo Borunda, Tecnol\u00f3gico, Ocampo entre otras; aparecen leyendas como; \u201cFamilia fuerte, sociedad fuerte\u201d, \u201cLa familia a favor de la vida\u201d y \u201cLa familia unida, defiende la vida\u201d, todas con el hashtag #ChihuahuaDefiendeSusHijos.<\/p>\n<p>Los coordinadores de la \u201cCoalici\u00f3n Nacional Sumas\u201d, Javier Valenzuela Casas y de \u201cCruzada por la Familia\u201d, Jos\u00e9 Medrano Carrasco, hicieron un llamado a los representantes populares para que protejan, cuiden y blinden a las familias de las corrientes ideol\u00f3gicas anticient\u00edficas y antibiol\u00f3gicas, que intentan destruir y debilitar el tejido m\u00e1s importante de la sociedad. La familia.<\/p>\n<p>\u201cNosotros sabemos que una familia fuerte, es sin\u00f3nimo de una sociedad y naci\u00f3n fuerte. Es por ello que tenemos que voltear a ver y reestructurar los lazos y los v\u00ednculos familiares.<\/p>\n<p>Vemos con preocupaci\u00f3n que muchas pol\u00edticas p\u00fablicas y leyes que se han aprobado, buscan debilitar, denigrar y atacar a la familia, cuyos graves problemas se reflejan en el incremento de la delincuencia y de la violencia, drogadicci\u00f3n, entre otros fen\u00f3menos sociales negativos.<\/p>\n<p>Es por eso que queremos aprovechar esta fecha tan importante para hacer un exhorto a todas las autoridades de los tres niveles de gobierno, para que volteen a ver a la familia como el origen de los muchos problemas sociales que padecemos en la actualidad y que se esfuercen por impulsar acciones que reconstituyan el tejido social.<\/p>\n<p>Tambi\u00e9n llamamos a la reflexi\u00f3n de los ciudadanos, para que en estas pr\u00f3ximas elecciones del 6 de Junio, las familias chihuahuenses elijamos bien el perfil de quienes buscan representarnos, para que impulsen leyes verdaderamente enfocadas al sano desarrollo y bien social.<\/p>\n<p>Para crecer en valores y en armon\u00eda, es por eso que vamos a cuidar esos perfiles, tenemos que investigar el curriculum de los candidatos para ver si realmente son congruentes o nada mas, se dicen pr\u00f3vida para sus prop\u00f3sitos electorales.<\/p>\n<p>Hoy m\u00e1s que nunca tenemos una gran responsabilidad y queremos se\u00f1alar p\u00fablicamente que las pol\u00edticas p\u00fablicas actuales, ya no van encaminadas al reconocimiento del padre o la madre como eje rector en la educaci\u00f3n y formaci\u00f3n de los hijos, sino a una peligrosa ideolog\u00eda de g\u00e9nero que intenta confundir a los ni\u00f1os en su sexualidad y quitarles su inocencia,\u00a0 como lo que se ha inscrito en el art\u00edculo tercero Constitucional donde la educaci\u00f3n es anti biol\u00f3gica, anti cient\u00edfica y en donde buscan ense\u00f1arle a los hijos que pueden elegir entre los m\u00e1s de 100 g\u00e9neros que reconoce la ONU actualmente.<\/p>\n<p>Busca adem\u00e1s la peligrosa ideolog\u00eda de g\u00e9nero quitarle a los padres chihuahuenses el derecho a corregir a sus hijos, estableciendo que la educaci\u00f3n es una obligaci\u00f3n del estado y no de los padres de familia, como si vivi\u00e9ramos en un pa\u00eds comunista o bajo una dictadura.<\/p>\n<p>Nuestro mensaje es defiende a tus hijos y lo haremos sin cansancio\u201d, manifestaron ambos l\u00edderes sociales.<\/p>\n<p>Bolet\u00edn informativo\u00a0<\/p>\n<\/div>\n\n<p><em> &#8221; Fuentes laopcion.com.mx &#8221; <\/em><\/p>\n","protected":false},"excerpt":{"rendered":"<p>Chihuahua.- Con lonas en cruceros y pasos peatonales en toda la ciudad con mensajes alusivos a fortalecer y proteger a la familia, conmemoran grupos pr\u00f3vida y professional familia este domingo 7 de marzo el \u201cEl D\u00eda de la Familia\u201d. -Llama \u201cCruzada por la Familia\u201d y la \u201cCoalici\u00f3n Nacional Sumas\u201d a blindar la c\u00e9lula m\u00e1s importante [&hellip;]<\/p>\n","protected":false},"author":4,"featured_media":91918,"comment_status":"open","ping_status":"closed","sticky":false,"template":"","format":"standard","meta":{"om_disable_all_campaigns":false,"jnews-multi-image_gallery":[],"jnews_single_post":[],"jnews_primary_category":[],"jnews_social_meta":[],"footnotes":""},"categories":[41],"tags":[],"class_list":["post-91917","post","type-post","status-publish","format-standard","has-post-thumbnail","hentry","category-cruceros"],"_links":{"self":[{"href":"https:\/\/dimensionturistica.com\/es\/wp-json\/wp\/v2\/posts\/91917","targetHints":{"allow":["GET"]}}],"collection":[{"href":"https:\/\/dimensionturistica.com\/es\/wp-json\/wp\/v2\/posts"}],"about":[{"href":"https:\/\/dimensionturistica.com\/es\/wp-json\/wp\/v2\/types\/post"}],"author":[{"embeddable":true,"href":"https:\/\/dimensionturistica.com\/es\/wp-json\/wp\/v2\/users\/4"}],"replies":[{"embeddable":true,"href":"https:\/\/dimensionturistica.com\/es\/wp-json\/wp\/v2\/comments?post=91917"}],"version-history":[{"count":0,"href":"https:\/\/dimensionturistica.com\/es\/wp-json\/wp\/v2\/posts\/91917\/revisions"}],"wp:featuredmedia":[{"embeddable":true,"href":"https:\/\/dimensionturistica.com\/es\/wp-json\/wp\/v2\/media\/91918"}],"wp:attachment":[{"href":"https:\/\/dimensionturistica.com\/es\/wp-json\/wp\/v2\/media?parent=91917"}],"wp:term":[{"taxonomy":"category","embeddable":true,"href":"https:\/\/dimensionturistica.com\/es\/wp-json\/wp\/v2\/categories?post=91917"},{"taxonomy":"post_tag","embeddable":true,"href":"https:\/\/dimensionturistica.com\/es\/wp-json\/wp\/v2\/tags?post=91917"}],"curies":[{"name":"wp","href":"https:\/\/api.w.org\/{rel}","templated":true}]}}