{"id":91792,"date":"2021-03-07T05:11:41","date_gmt":"2021-03-07T05:11:41","guid":{"rendered":"https:\/\/dimensionturistica.com\/es\/?p=91792"},"modified":"2021-03-07T05:11:41","modified_gmt":"2021-03-07T05:11:41","slug":"arranca-en-tecoman-vacunacion-contra-covid-19-en-11-puestos-el-comentario","status":"publish","type":"post","link":"https:\/\/dimensionturistica.com\/es\/arranca-en-tecoman-vacunacion-contra-covid-19-en-11-puestos-el-comentario\/","title":{"rendered":"Arranca en Tecom\u00e1n vacunaci\u00f3n contra Covid-19 en 11 puestos \u2013 El Comentario"},"content":{"rendered":"<p> <br \/>\n<\/p>\n<div>\n<p>Mediante un comunicado de prensa, la <strong>Alcald\u00eda de Tecom\u00e1n<\/strong> inform\u00f3 que este <strong>lunes 8 de marzo arranca en el municipio el programa de vacunaci\u00f3n contra el coronavirus Covid-19<\/strong> para los <strong>adultos mayores de 60 a\u00f1os.<\/strong><\/p>\n<p>El comunicado destaca que las personas mayores deber\u00e1n portar<strong> una copia de comprobante de domicilio y de su credencial de elector.<\/strong><\/p>\n<p>En la cabecera municipal se dispondr\u00e1n de 4 puestos de vacunaci\u00f3n que estar\u00e1n funcionando el lunes, martes y mi\u00e9rcoles de 8 de la ma\u00f1ana a 7 de la tarde.<\/p>\n<p>Los puestos de vacunaci\u00f3n se instalar\u00e1n en el <strong>Polideportivo de la Universidad de Colima, Parque Metropolitano \u201cGonz\u00e1lez Lugo\u201d, cancha techada de La Floresta 1 y en la cancha techada de El Bal\u00f3n, en la colonia Santa Elena.<\/strong><\/p>\n<p>De igual manera y para los habitantes de <strong>Cerro de Ortega, Callejones y el ejido Santiago, el puesto de vacunaci\u00f3n estar\u00e1 en la cancha techada de Cerro de Ortega<\/strong>, tambi\u00e9n el lunes, martes y mi\u00e9rcoles de 8 de la ma\u00f1ana a 7 de la tarde.<\/p>\n<p>En la cancha techada de<strong> Cofrad\u00eda de Morelos se atender\u00e1 a los habitantes de Cofrad\u00eda de Morelos, Chanchopa, Cofrad\u00eda de Hidalgo, El Saucito y Tecuanillo,<\/strong> los mismos d\u00edas y horario.<\/p>\n<p><strong>En la Junta Municipal de nuevo Caxitl\u00e1n,<\/strong> el puesto de vacunaci\u00f3n estar\u00e1 en la <strong>cancha techada de la colonia Bayardo<\/strong>, lunes y martes de 8 de la ma\u00f1ana a 7 de la tarde.<\/p>\n<p>En la <strong>cancha techada de Tecolapa se vacunar\u00e1 a los adultos mayores de La Salada, del Crucero de Turla y de Tecolapa<\/strong> s\u00f3lo el lunes de 8 de la ma\u00f1ana a 7 de la tarde.<\/p>\n<p>El lunes y martes, de 8 de la ma\u00f1ana a 7 de la tarde estar\u00e1 funcionando un puesto de vacunaci\u00f3n en la <strong>cancha techada de Madrid.<\/strong><\/p>\n<p>En la comunidad de <strong>Ladislao Moreno estar\u00e1 el punto de vacunaci\u00f3n en la casa de usos m\u00faltiples el lunes y martes en el mismo horario.<\/strong><\/p>\n<p>De igual manera y para los <strong>adultos mayores de Ojo de Agua, el puesto estar\u00e1 en la casa de usos m\u00faltiples \u00fanicamente el lunes de 8 de la ma\u00f1ana a 7 de la tarde.<\/strong><\/p>\n<p>Finalmente, en la <strong>cancha techada de Caleras<\/strong> se atender\u00e1 tambi\u00e9n<strong> a los adultos que viven en el crucero del INIFAP, el lunes y martes de la 1 a 7 de la tarde.<\/strong><\/p>\n<div class=\"printfriendly pf-button pf-button-content pf-alignleft\"><a rel=\"nofollow noopener\" target=\"_blank\" href=\"https:\/\/elcomentario.ucol.mx\/arranca-en-tecoman-vacunacion-contra-covid-19-en-11-puestos\/#\" onclick=\"window.print();if(typeof(_gaq) != 'undefined') { _gaq.push(['_trackEvent','PRINTFRIENDLY', 'print', 'NULL']);&#10;}else if(typeof(ga) != 'undefined') {  ga('send', 'event','PRINTFRIENDLY', 'print', 'NULL'); } return false;\" title=\"Printer Friendly, PDF &amp; Email\"><img decoding=\"async\" style=\"border:none;-webkit-box-shadow:none; -moz-box-shadow: none; box-shadow:none; padding:0; margin:0\" src=\"https:\/\/dimensionturistica.com\/es\/wp-content\/uploads\/2021\/01\/La-Junta-confia-en-el-segmento-de-cruceros-para-impulsar.png\" alt=\"Print Friendly, PDF &amp; Email\"\/><\/a><\/div>\n<\/div>\n<p><script>(function(d, s, id) {\nvar js, fjs = d.getElementsByTagName(s)[0];\nif (d.getElementById(id)) return;\njs = d.createElement(s); js.id = id;\njs.src = \"https:\/\/connect.facebook.net\/es_LA\/sdk.js#xfbml=1&version=v2.6&appId=202628046535042\";\nfjs.parentNode.insertBefore(js, fjs);\n}(document, 'script', 'facebook-jssdk'));<\/script><br \/>\n<br \/><\/p>\n<p><em> &#8221; Fuentes elcomentario.ucol.mx &#8221; <\/em><\/p>\n","protected":false},"excerpt":{"rendered":"<p>Mediante un comunicado de prensa, la Alcald\u00eda de Tecom\u00e1n inform\u00f3 que este lunes 8 de marzo arranca en el municipio el programa de vacunaci\u00f3n contra el coronavirus Covid-19 para los adultos mayores de 60 a\u00f1os. El comunicado destaca que las personas mayores deber\u00e1n portar una copia de comprobante de domicilio y de su credencial de [&hellip;]<\/p>\n","protected":false},"author":4,"featured_media":91793,"comment_status":"open","ping_status":"closed","sticky":false,"template":"","format":"standard","meta":{"om_disable_all_campaigns":false,"jnews-multi-image_gallery":[],"jnews_single_post":[],"jnews_primary_category":[],"jnews_social_meta":[],"footnotes":""},"categories":[41],"tags":[],"class_list":["post-91792","post","type-post","status-publish","format-standard","has-post-thumbnail","hentry","category-cruceros"],"_links":{"self":[{"href":"https:\/\/dimensionturistica.com\/es\/wp-json\/wp\/v2\/posts\/91792","targetHints":{"allow":["GET"]}}],"collection":[{"href":"https:\/\/dimensionturistica.com\/es\/wp-json\/wp\/v2\/posts"}],"about":[{"href":"https:\/\/dimensionturistica.com\/es\/wp-json\/wp\/v2\/types\/post"}],"author":[{"embeddable":true,"href":"https:\/\/dimensionturistica.com\/es\/wp-json\/wp\/v2\/users\/4"}],"replies":[{"embeddable":true,"href":"https:\/\/dimensionturistica.com\/es\/wp-json\/wp\/v2\/comments?post=91792"}],"version-history":[{"count":0,"href":"https:\/\/dimensionturistica.com\/es\/wp-json\/wp\/v2\/posts\/91792\/revisions"}],"wp:featuredmedia":[{"embeddable":true,"href":"https:\/\/dimensionturistica.com\/es\/wp-json\/wp\/v2\/media\/91793"}],"wp:attachment":[{"href":"https:\/\/dimensionturistica.com\/es\/wp-json\/wp\/v2\/media?parent=91792"}],"wp:term":[{"taxonomy":"category","embeddable":true,"href":"https:\/\/dimensionturistica.com\/es\/wp-json\/wp\/v2\/categories?post=91792"},{"taxonomy":"post_tag","embeddable":true,"href":"https:\/\/dimensionturistica.com\/es\/wp-json\/wp\/v2\/tags?post=91792"}],"curies":[{"name":"wp","href":"https:\/\/api.w.org\/{rel}","templated":true}]}}