{"id":91721,"date":"2021-03-06T23:43:15","date_gmt":"2021-03-06T23:43:15","guid":{"rendered":"https:\/\/dimensionturistica.com\/es\/?p=91721"},"modified":"2021-03-06T23:43:15","modified_gmt":"2021-03-06T23:43:15","slug":"la-guia-de-rio-de-janeiro-que-se-reinvento-con-tours-virtuales-el-pais-semanal","status":"publish","type":"post","link":"https:\/\/dimensionturistica.com\/es\/la-guia-de-rio-de-janeiro-que-se-reinvento-con-tours-virtuales-el-pais-semanal\/","title":{"rendered":"La gu\u00eda de R\u00edo de Janeiro que se reinvent\u00f3 con \u2018tours\u2019 virtuales | EL PA\u00cdS Semanal"},"content":{"rendered":"<p> <br \/>\n<\/p>\n<div>\n<p class=\"\">El apocalipsis pand\u00e9mico de Tatiane Araujo tiene fecha: el 17 de marzo de 2020. \u201cMi buz\u00f3n se llen\u00f3 de correos con anulaciones de clientes. Recuerdo que me sent\u00e9 en el suelo y llor\u00e9\u201d, relata esta gu\u00eda tur\u00edstica de R\u00edo de Janeiro. Todo lo construido por esta brasile\u00f1a de 36 a\u00f1os se volatiliz\u00f3 aquel martes con el primer confinamiento en la postal m\u00e1s conocida del pa\u00eds. El virus le arrebat\u00f3 de un zarpazo la preciada clientela llegada de Canad\u00e1, Estados Unidos, Italia, Sud\u00e1frica, Rusia o el resto de Brasil que la contrataba a trav\u00e9s de Excursions by Locals, una crimson mundial de gu\u00edas locales; el lodge con m\u00e1s solera de la ciudad, el Copacabana Palace, o su empresa, Rio Artwork Expertise.<\/p>\n<p class=\"\">Araujo dise\u00f1a itinerarios que combinan lo imperdible con experiencias que un extranjero dif\u00edcilmente se aventurar\u00eda a emprender solo en R\u00edo: \u201cEl Pan de Az\u00facar, el Cristo, una galer\u00eda de arte\u2026, visitar una favela, probar una <i>cacha\u00e7a <\/i>de jengibre en una taberna popular o el batido de maracuy\u00e1 m\u00e1s aut\u00e9ntico de la ciudad\u201d. Explica divertida: \u201cAlgunos extranjeros tienen terror a comer o beber cualquier cosa\u201d. Para los que viv\u00edan del turismo en R\u00edo \u2014una urbe tan bella como dif\u00edcil\u2014, el horizonte est\u00e1 encapotado. \u201cMi sector no tiene ninguna garant\u00eda de que regresar\u00e1 en 2023\u201d, dec\u00eda el martes de Carnaval en un coqueto lodge con tarifas inimaginables cualquier otro a\u00f1o.<\/p>\n<p class=\"\">Sin vuelos ni cruceros, los hoteles est\u00e1n vac\u00edos. La epidemia ha sido m\u00e1s merciless con las trabajadoras, especialmente con las del sector casual. Ha agravado la precariedad laboral o hundido en ella a millones de mujeres en Brasil, Am\u00e9rica Latina y el mundo. Algo m\u00e1s de la mitad de los 23 millones de latinoamericanos que perdieron el trabajo y dejaron de buscar otro por el coronavirus eran mujeres, seg\u00fan el stability sobre 2020 de la Organizaci\u00f3n Internacional del Trabajo (OIT). Ellas han sido expulsadas en mayor medida, con tres puntos m\u00e1s en Latinoam\u00e9rica. \u201cEs significativo teniendo en cuenta los avances observados en la participaci\u00f3n de la mujer en los mercados laborales de la regi\u00f3n en las \u00faltimas d\u00e9cadas\u201d, se\u00f1ala la OIT.<\/p>\n<p class=\"\">La mitad de las brasile\u00f1as mayores de 14 a\u00f1os no tiene trabajo ni busca uno. No es el caso de Araujo, que creci\u00f3 en Italia, estudi\u00f3 all\u00ed Turismo, habla cuatro idiomas y vivi\u00f3 en Nueva York. Regres\u00f3 a R\u00edo en 2013, a tiempo de disfrutar de los gloriosos a\u00f1os del Mundial y los Juegos Ol\u00edmpicos.<\/p>\n<p class=\"\">Enclaustrada, cuando vio que la pandemia no amainaba emprendi\u00f3 una reinvenci\u00f3n. Aprendi\u00f3 a editar v\u00eddeos porque, si sus turistas no pod\u00edan ir hasta R\u00edo, ella les llevar\u00eda los paseos por la ciudad a sus ordenadores o a sus m\u00f3viles. Uno es en directo desde la playa de Copacabana, otro recorre favelas, un tercero es art\u00edstico. Vende los <i>excursions <\/i>v\u00eda Instagram por unos 70 d\u00f3lares para grupos hasta de seis personas. \u201cNo consigo ganar lo que ganaba antes, pero pago algunas facturas\u201d. Para el alquiler, tiene que tirar de sus menguados ahorros.<\/p>\n<p class=\"\">La falta de perspectivas la tiene inmersa en una monta\u00f1a rusa emocional. Pero derrocha imaginaci\u00f3n y no deja de idear planes alternativos. Desde clases de cocina italiana hasta instalarse un tiempo con una amiga en una ciudad m\u00e1s barata. Aunque se le acaban los ahorros, se sabe privilegiada. \u201cVivo de alquiler, no tengo hijos. Puedo venderlo todo y comprar un vuelo de vuelta a Italia\u201d. Pero quiere permanecer en esta ciudad que apasiona incluso en la decadencia. Est\u00e1 al l\u00edmite, exhausta.<\/p>\n<p class=\"\">Factores estructurales explican el distinto impacto de la pandemia en el trabajo de las mujeres y los varones. En Am\u00e9rica Latina, 6 de cada 10 trabajan en el sector casual. Y las que tienen empleos se concentran en el sector servicios, que las cuarentenas paralizaron. Sus puestos suelen ser peores. M\u00e1s inestabilidad, menos paga. Y por culpa de los tradicionales roles, millones de ellas perdieron sus trabajos o tuvieron que asumir el cuidado de hijos o mayores. El cierre de escuelas y guarder\u00edas es una losa especialmente pesada para las latinoamericanas. Esta vez no cab\u00eda la opci\u00f3n de dejar a los ni\u00f1os con las abuelas u organizarse con las vecinas. El alumnado de la crimson p\u00fablica brasile\u00f1a solo ahora comienza a regresar a las aulas. La paga brasile\u00f1a del coronavirus amortigu\u00f3 el golpe hasta fin de a\u00f1o, aunque no para Araujo, cuyos ingresos superaban el l\u00edmite.<\/p>\n<p class=\"\">Recalca el Atlantic Council que reducir las desigualdades de g\u00e9nero intensificar\u00e1 la productividad, impulsar\u00e1 el crecimiento econ\u00f3mico y reducir\u00e1 la pobreza en Am\u00e9rica Latina. \u201cEn tiempos de crisis, las mujeres pueden ser grandes contribuyentes a la recuperaci\u00f3n econ\u00f3mica\u201d, afirma. Tatiane est\u00e1 convencida de que los turistas regresar\u00e1n a R\u00edo de Janeiro alg\u00fan d\u00eda\u2026, pero ella necesita ganarse la vida hasta entonces.<\/p>\n<\/div>\n\n<p><em> &#8221; Fuentes elpais.com &#8221; <\/em><\/p>\n","protected":false},"excerpt":{"rendered":"<p>El apocalipsis pand\u00e9mico de Tatiane Araujo tiene fecha: el 17 de marzo de 2020. \u201cMi buz\u00f3n se llen\u00f3 de correos con anulaciones de clientes. Recuerdo que me sent\u00e9 en el suelo y llor\u00e9\u201d, relata esta gu\u00eda tur\u00edstica de R\u00edo de Janeiro. Todo lo construido por esta brasile\u00f1a de 36 a\u00f1os se volatiliz\u00f3 aquel martes con [&hellip;]<\/p>\n","protected":false},"author":4,"featured_media":91722,"comment_status":"open","ping_status":"closed","sticky":false,"template":"","format":"standard","meta":{"om_disable_all_campaigns":false,"jnews-multi-image_gallery":[],"jnews_single_post":[],"jnews_primary_category":[],"jnews_social_meta":[],"footnotes":""},"categories":[41],"tags":[],"class_list":["post-91721","post","type-post","status-publish","format-standard","has-post-thumbnail","hentry","category-cruceros"],"_links":{"self":[{"href":"https:\/\/dimensionturistica.com\/es\/wp-json\/wp\/v2\/posts\/91721","targetHints":{"allow":["GET"]}}],"collection":[{"href":"https:\/\/dimensionturistica.com\/es\/wp-json\/wp\/v2\/posts"}],"about":[{"href":"https:\/\/dimensionturistica.com\/es\/wp-json\/wp\/v2\/types\/post"}],"author":[{"embeddable":true,"href":"https:\/\/dimensionturistica.com\/es\/wp-json\/wp\/v2\/users\/4"}],"replies":[{"embeddable":true,"href":"https:\/\/dimensionturistica.com\/es\/wp-json\/wp\/v2\/comments?post=91721"}],"version-history":[{"count":0,"href":"https:\/\/dimensionturistica.com\/es\/wp-json\/wp\/v2\/posts\/91721\/revisions"}],"wp:featuredmedia":[{"embeddable":true,"href":"https:\/\/dimensionturistica.com\/es\/wp-json\/wp\/v2\/media\/91722"}],"wp:attachment":[{"href":"https:\/\/dimensionturistica.com\/es\/wp-json\/wp\/v2\/media?parent=91721"}],"wp:term":[{"taxonomy":"category","embeddable":true,"href":"https:\/\/dimensionturistica.com\/es\/wp-json\/wp\/v2\/categories?post=91721"},{"taxonomy":"post_tag","embeddable":true,"href":"https:\/\/dimensionturistica.com\/es\/wp-json\/wp\/v2\/tags?post=91721"}],"curies":[{"name":"wp","href":"https:\/\/api.w.org\/{rel}","templated":true}]}}