{"id":916594,"date":"2025-01-23T07:46:24","date_gmt":"2025-01-23T07:46:24","guid":{"rendered":"https:\/\/dimensionturistica.com\/es\/?p=916594"},"modified":"2025-01-23T07:46:24","modified_gmt":"2025-01-23T07:46:24","slug":"jaen-acogera-el-encuentro-internacional-de-asociaciones-de-agencias-de-viajes","status":"publish","type":"post","link":"https:\/\/dimensionturistica.com\/es\/jaen-acogera-el-encuentro-internacional-de-asociaciones-de-agencias-de-viajes\/","title":{"rendered":"Ja\u00e9n acoger\u00e1 el Encuentro Internacional de Asociaciones de Agencias de Viajes"},"content":{"rendered":"<p><strong>Ja\u00e9n: En el Coraz\u00f3n de la Innovaci\u00f3n Tur\u00edstica Mundial<\/strong><\/p>\n<p>En un giro emocionante para el sector tur\u00edstico, Ja\u00e9n ha sido seleccionada como sede de la pr\u00f3xima Cumbre Mundial de Asociaciones de Agencias de Viajes. Este evento no solo posiciona a esta hermosa ciudad andaluza en el mapa tur\u00edstico global, sino que tambi\u00e9n representa una plataforma para debatir y proyectar el futuro del turismo a nivel internacional.<\/p>\n<p>Ja\u00e9n, conocida por su rica historia, su impresionante patrimonio cultural y su majestuosa naturaleza, se prepara para recibir a expertos, l\u00edderes y profesionales del turismo de todo el mundo. La cumbre, que reunir\u00e1 a representaciones de diversas asociaciones de agencias de viajes, promete ser un espacio de intercambio de ideas, experiencias y buenas pr\u00e1cticas en un ambiente que fomenta la colaboraci\u00f3n y la innovaci\u00f3n.<\/p>\n<p>La elecci\u00f3n de Ja\u00e9n como sede de este evento no es casual. La ciudad, que es famosa por su aceite de oliva virgen extra, sus olivares que se extienden hasta donde alcanza la vista, y su rica oferta gastron\u00f3mica, se ha convertido en un destino atractivo para aquellos que buscan vivir una experiencia aut\u00e9ntica. Con un patrimonio que abarca desde el esplendor \u00e1rabe hasta la rica tradici\u00f3n renacentista, la ciudad es un testimonio del cruce de culturas que ha dado forma a la identidad espa\u00f1ola.<\/p>\n<p>Adem\u00e1s, el intercambio cultural y las conexiones establecidas durante la cumbre tienen el potencial de abrir nuevas oportunidades econ\u00f3micas para la regi\u00f3n. Los organizadores esperan que este evento sirva de catalizador para atraer a m\u00e1s turistas a Ja\u00e9n en el futuro, fortaleciendo as\u00ed la oferta tur\u00edstica de la provincia. La presencia de agentes de viajes de todo el mundo tambi\u00e9n puede poner a Ja\u00e9n en la ruta de futuros viajeros, ofreciendo experiencias \u00fanicas que van m\u00e1s all\u00e1 de los tradicionales destinos tur\u00edsticos.<\/p>\n<p>Asimismo, la cumbre abordar\u00e1 desaf\u00edos actuales del turismo, como la sostenibilidad, la digitalizaci\u00f3n y la adaptaci\u00f3n a los cambios en las preferencias de los viajeros. Este enfoque en la innovaci\u00f3n permitir\u00e1 a Ja\u00e9n no solo posicionarse como un destino contempor\u00e1neo, sino tambi\u00e9n como un l\u00edder en la implementaci\u00f3n de pr\u00e1cticas tur\u00edsticas responsables.<\/p>\n<p>Los organizadores tambi\u00e9n est\u00e1n trabajando en una serie de actividades complementarias que incluir\u00e1n visitas guiadas a los principales atractivos de la ciudad, como la Catedral de Ja\u00e9n, el Castillo de Santa Catalina y el impresionante Paraje Natural de las Sierras de Cazorla, Segura y Las Villas. Esto no solo enriquecer\u00e1 la experiencia de los asistentes a la cumbre, sino que tambi\u00e9n destacar\u00e1 la belleza y diversidad de la regi\u00f3n.<\/p>\n<p>En definitiva, la Cumbre Mundial de Asociaciones de Agencias de Viajes en Ja\u00e9n representa mucho m\u00e1s que un simple evento tur\u00edstico; es una oportunidad para mostrar al mundo lo que esta excepcional ciudad tiene para ofrecer y una invitaci\u00f3n a redescubrir Andaluc\u00eda. Con su combinaci\u00f3n de historia, naturaleza y gastronom\u00eda, Ja\u00e9n se perfila como un destino esencial para quienes deseen explorar un rinc\u00f3n de Espa\u00f1a que a\u00fan guarda secretos por descubrir. \u00a1La cuenta regresiva ya ha comenzado!<\/p>\n<p><em> &#8221; Sources vivajaen.es &#8221; <\/em><\/p>\n<p><em> &#8221; Sources vivajaen.es &#8221; <\/em><\/p>\n","protected":false},"excerpt":{"rendered":"<p>Ja\u00e9n: En el Coraz\u00f3n de la Innovaci\u00f3n Tur\u00edstica Mundial En un giro emocionante para el sector tur\u00edstico, Ja\u00e9n ha sido seleccionada como sede de la pr\u00f3xima Cumbre Mundial de Asociaciones de Agencias de Viajes. Este evento no solo posiciona a esta hermosa ciudad andaluza en el mapa tur\u00edstico global, sino que tambi\u00e9n representa una plataforma [&hellip;]<\/p>\n","protected":false},"author":4,"featured_media":916575,"comment_status":"open","ping_status":"closed","sticky":false,"template":"","format":"standard","meta":{"om_disable_all_campaigns":false,"jnews-multi-image_gallery":[],"jnews_single_post":[],"jnews_primary_category":[],"jnews_social_meta":[],"footnotes":""},"categories":[40],"tags":[569,4510,9587,770,723,19889,544],"class_list":["post-916594","post","type-post","status-publish","format-standard","has-post-thumbnail","hentry","category-industria","tag-agencias-de-viajes","tag-asociaciones","tag-cumbre-mundial","tag-espana","tag-evento","tag-jaen","tag-turismo"],"_links":{"self":[{"href":"https:\/\/dimensionturistica.com\/es\/wp-json\/wp\/v2\/posts\/916594","targetHints":{"allow":["GET"]}}],"collection":[{"href":"https:\/\/dimensionturistica.com\/es\/wp-json\/wp\/v2\/posts"}],"about":[{"href":"https:\/\/dimensionturistica.com\/es\/wp-json\/wp\/v2\/types\/post"}],"author":[{"embeddable":true,"href":"https:\/\/dimensionturistica.com\/es\/wp-json\/wp\/v2\/users\/4"}],"replies":[{"embeddable":true,"href":"https:\/\/dimensionturistica.com\/es\/wp-json\/wp\/v2\/comments?post=916594"}],"version-history":[{"count":0,"href":"https:\/\/dimensionturistica.com\/es\/wp-json\/wp\/v2\/posts\/916594\/revisions"}],"wp:featuredmedia":[{"embeddable":true,"href":"https:\/\/dimensionturistica.com\/es\/wp-json\/wp\/v2\/media\/916575"}],"wp:attachment":[{"href":"https:\/\/dimensionturistica.com\/es\/wp-json\/wp\/v2\/media?parent=916594"}],"wp:term":[{"taxonomy":"category","embeddable":true,"href":"https:\/\/dimensionturistica.com\/es\/wp-json\/wp\/v2\/categories?post=916594"},{"taxonomy":"post_tag","embeddable":true,"href":"https:\/\/dimensionturistica.com\/es\/wp-json\/wp\/v2\/tags?post=916594"}],"curies":[{"name":"wp","href":"https:\/\/api.w.org\/{rel}","templated":true}]}}