{"id":916574,"date":"2025-01-23T06:51:39","date_gmt":"2025-01-23T06:51:39","guid":{"rendered":"https:\/\/dimensionturistica.com\/es\/?p=916574"},"modified":"2025-01-23T06:51:39","modified_gmt":"2025-01-23T06:51:39","slug":"jaen-acoge-el-encuentro-global-de-organizaciones-de-agencias-de-viajes","status":"publish","type":"post","link":"https:\/\/dimensionturistica.com\/es\/jaen-acoge-el-encuentro-global-de-organizaciones-de-agencias-de-viajes\/","title":{"rendered":"Ja\u00e9n acoge el Encuentro Global de Organizaciones de Agencias de Viajes"},"content":{"rendered":"<p><strong>Ja\u00e9n: Un Destino Global para el Turismo Internacional<\/strong><\/p>\n<p>En el coraz\u00f3n de Andaluc\u00eda se encuentra Ja\u00e9n, una ciudad que combina historia, cultura y un potencial tur\u00edstico en constante crecimiento. Recientemente, la capital jiennense fue elegida sede de la Cumbre Mundial de Asociaciones de Agencias de Viajes, un evento que no solo resalta la importancia de la regi\u00f3n en el contexto tur\u00edstico internacional, sino que tambi\u00e9n pone de manifiesto su capacidad para acoger a l\u00edderes y expertos del sector.<\/p>\n<p>La cumbre congregar\u00e1 a representantes de distintas organizaciones de todo el mundo, creando un escenario perfecto para el intercambio de ideas y el fomento de nuevas alianzas. Ja\u00e9n, conocida por sus impresionantes paisajes olivareros y su rico patrimonio hist\u00f3rico, se convierte as\u00ed en un punto de encuentro clave para debatir sobre el futuro del turismo y las tendencias que dar\u00e1n forma a este sector en los pr\u00f3ximos a\u00f1os.<\/p>\n<p>Uno de los principales atractivos de Ja\u00e9n es su vasta oferta cultural. Desde el majestuoso Castillo de Santa Catalina, que se alza sobre la ciudad, hasta la impresionante Catedral de Ja\u00e9n, uno de los ejemplos m\u00e1s destacados del Renacimiento andaluz, la ciudad cuenta con un patrimonio que cautiva a todos sus visitantes. Adem\u00e1s, el municipio es famoso por su aceite de oliva virgen extra, considerado uno de los mejores del mundo, lo que lo convierte en un destino ideal para los amantes de la gastronom\u00eda.<\/p>\n<p>La celebraci\u00f3n de la cumbre tambi\u00e9n es una magn\u00edfica oportunidad para promocionar el turismo en la provincia. Ja\u00e9n ofrece una amplia variedad de experiencias que van m\u00e1s all\u00e1 de lo convencional. Desde rutas de senderismo que permiten explorar sus parques naturales, como el Parque Natural de Cazorla, Segura y Las Villas, hasta la posibilidad de degustar tapas en sus tradicionales tabernas, la ciudad invita a sumergirse en una experiencia aut\u00e9ntica y enriquecedora.<\/p>\n<p>Uno de los objetivos de este evento es fomentar el desarrollo de la actividad tur\u00edstica en la regi\u00f3n, as\u00ed como potenciar la colaboraci\u00f3n entre diferentes entidades y agentes del turismo. Ja\u00e9n desea consolidarse como un destino tur\u00edstico fuerte y reconocido, no solo en Andaluc\u00eda, sino a nivel internacional.<\/p>\n<p>La elecci\u00f3n de Ja\u00e9n para albergar una cumbre de tal magnitud subraya la creciente importancia de la ciudad en el mapa tur\u00edstico global. La apuesta por el turismo sostenible y la promoci\u00f3n de la cultura local son pilares de su estrategia para atraer visitantes de todos los rincones del mundo. Adem\u00e1s, el evento servir\u00e1 como plataforma para presentar las diversas iniciativas que se est\u00e1n desarrollando en la regi\u00f3n, ya sea en t\u00e9rminos de infraestructura, desarrollo de productos tur\u00edsticos o promoci\u00f3n cultural.<\/p>\n<p>En un mundo donde el turismo se enfrenta a numerosos desaf\u00edos, Ja\u00e9n representa una oportunidad brillante. Las tradiciones, la cultura y la hospitalidad de sus gentes son elementos que, en conjunto, ofrecen una experiencia inolvidable. La celebraci\u00f3n de la Cumbre Mundial de Asociaciones de Agencias de Viajes es solo el principio de un camino hacia la consolidaci\u00f3n de Ja\u00e9n como un destino tur\u00edstico clave en el panorama internacional. Sin lugar a dudas, Ja\u00e9n est\u00e1 lista para brillar en el escenario global y convertirse en un punto de referencia para el turismo del futuro.<\/p>\n<p><em> &#8221; Sources andaluciainformacion.es &#8221; <\/em><\/p>\n<p><em> &#8221; Sources andaluciainformacion.es &#8221; <\/em><\/p>\n","protected":false},"excerpt":{"rendered":"<p>Ja\u00e9n: Un Destino Global para el Turismo Internacional En el coraz\u00f3n de Andaluc\u00eda se encuentra Ja\u00e9n, una ciudad que combina historia, cultura y un potencial tur\u00edstico en constante crecimiento. Recientemente, la capital jiennense fue elegida sede de la Cumbre Mundial de Asociaciones de Agencias de Viajes, un evento que no solo resalta la importancia de [&hellip;]<\/p>\n","protected":false},"author":4,"featured_media":916575,"comment_status":"open","ping_status":"closed","sticky":false,"template":"","format":"standard","meta":{"om_disable_all_campaigns":false,"jnews-multi-image_gallery":[],"jnews_single_post":[],"jnews_primary_category":[],"jnews_social_meta":[],"footnotes":""},"categories":[40],"tags":[569,4510,9587,770,724,19889,544],"class_list":["post-916574","post","type-post","status-publish","format-standard","has-post-thumbnail","hentry","category-industria","tag-agencias-de-viajes","tag-asociaciones","tag-cumbre-mundial","tag-espana","tag-eventos","tag-jaen","tag-turismo"],"_links":{"self":[{"href":"https:\/\/dimensionturistica.com\/es\/wp-json\/wp\/v2\/posts\/916574","targetHints":{"allow":["GET"]}}],"collection":[{"href":"https:\/\/dimensionturistica.com\/es\/wp-json\/wp\/v2\/posts"}],"about":[{"href":"https:\/\/dimensionturistica.com\/es\/wp-json\/wp\/v2\/types\/post"}],"author":[{"embeddable":true,"href":"https:\/\/dimensionturistica.com\/es\/wp-json\/wp\/v2\/users\/4"}],"replies":[{"embeddable":true,"href":"https:\/\/dimensionturistica.com\/es\/wp-json\/wp\/v2\/comments?post=916574"}],"version-history":[{"count":0,"href":"https:\/\/dimensionturistica.com\/es\/wp-json\/wp\/v2\/posts\/916574\/revisions"}],"wp:featuredmedia":[{"embeddable":true,"href":"https:\/\/dimensionturistica.com\/es\/wp-json\/wp\/v2\/media\/916575"}],"wp:attachment":[{"href":"https:\/\/dimensionturistica.com\/es\/wp-json\/wp\/v2\/media?parent=916574"}],"wp:term":[{"taxonomy":"category","embeddable":true,"href":"https:\/\/dimensionturistica.com\/es\/wp-json\/wp\/v2\/categories?post=916574"},{"taxonomy":"post_tag","embeddable":true,"href":"https:\/\/dimensionturistica.com\/es\/wp-json\/wp\/v2\/tags?post=916574"}],"curies":[{"name":"wp","href":"https:\/\/api.w.org\/{rel}","templated":true}]}}