{"id":91639,"date":"2021-03-06T20:57:19","date_gmt":"2021-03-06T20:57:19","guid":{"rendered":"https:\/\/dimensionturistica.com\/es\/?p=91639"},"modified":"2021-03-06T20:57:19","modified_gmt":"2021-03-06T20:57:19","slug":"po-cruises-suspende-su-temporada-internacional-de-verano","status":"publish","type":"post","link":"https:\/\/dimensionturistica.com\/es\/po-cruises-suspende-su-temporada-internacional-de-verano\/","title":{"rendered":"P&#038;O Cruises suspende su temporada internacional de verano"},"content":{"rendered":"<p> <br \/>\n<\/p>\n<div>\n<h4><strong>Redacci\u00f3n Caribbean Information Digital<\/strong><\/h4>\n<p>P&amp;O Cruises ha cancelado todos los cruceros internacionales de Arcadia, Aurora, Azura y Ventura hasta finales de agosto. Los viajes fuera del Reino Unido con el Britannia y el Iona tambi\u00e9n han sido cancelados hasta finales de septiembre.<\/p>\n<p>El presidente de P&amp;O Cruises, Paul Ludlow, dijo: &#8220;Seguimos en estrecho contacto con el gobierno del Reino Unido y los organismos asociados, ya que supervisamos la \u00faltima situaci\u00f3n y las orientaciones sobre los viajes. Desde el momento en que veamos que se levantan las restricciones de viaje, comenzaremos la importante tarea log\u00edstica de reanudar nuestras operaciones. Llevar\u00e1 alg\u00fan tiempo que el primer barco vuelva a estar en servicio, seguido de la vuelta gradual del resto de la flota&#8221;.<\/p>\n<p>En su lugar, P&amp;O Cruises ofrecer\u00e1 este verano una serie de cruceros de corta duraci\u00f3n y de una semana por el Reino Unido. Los viajes al Reino Unido saldr\u00e1n a la venta a finales de marzo.<\/p>\n<\/div>\n<p><script>!function(f,b,e,v,n,t,s){if(f.fbq)return;n=f.fbq=function(){n.callMethod?n.callMethod.apply(n,arguments):n.queue.push(arguments)};if(!f._fbq)f._fbq=n;n.push=n;n.loaded=!0;n.version='2.0';n.queue=[];t=b.createElement(e);t.async=!0;t.src=v;s=b.getElementsByTagName(e)[0];s.parentNode.insertBefore(t,s)}(window,document,'script','https:\/\/connect.facebook.net\/en_US\/fbevents.js');fbq('init','1464046990282831',[],{\"agent\":\"pldrupal-8-8.8.6\"});fbq('track','PageView',[]);<\/script><script>!function(f,b,e,v,n,t,s){if(f.fbq)return;n=f.fbq=function(){n.callMethod?n.callMethod.apply(n,arguments):n.queue.push(arguments)};if(!f._fbq)f._fbq=n;n.push=n;n.loaded=!0;n.version='2.0';n.queue=[];t=b.createElement(e);t.async=!0;t.src=v;s=b.getElementsByTagName(e)[0];s.parentNode.insertBefore(t,s)}(window,document,'script','https:\/\/connect.facebook.net\/en_US\/fbevents.js');fbq('init','1464046990282831');fbq('track','PageView');<\/script><br \/>\n<br \/><\/p>\n<p><em> &#8221; Fuentes www.caribbeannewsdigital.com &#8221; <\/em><\/p>\n","protected":false},"excerpt":{"rendered":"<p>Redacci\u00f3n Caribbean Information Digital P&amp;O Cruises ha cancelado todos los cruceros internacionales de Arcadia, Aurora, Azura y Ventura hasta finales de agosto. Los viajes fuera del Reino Unido con el Britannia y el Iona tambi\u00e9n han sido cancelados hasta finales de septiembre. El presidente de P&amp;O Cruises, Paul Ludlow, dijo: &#8220;Seguimos en estrecho contacto con [&hellip;]<\/p>\n","protected":false},"author":4,"featured_media":0,"comment_status":"open","ping_status":"closed","sticky":false,"template":"","format":"standard","meta":{"om_disable_all_campaigns":false,"jnews-multi-image_gallery":[],"jnews_single_post":[],"jnews_primary_category":[],"jnews_social_meta":[],"footnotes":""},"categories":[41],"tags":[],"class_list":["post-91639","post","type-post","status-publish","format-standard","hentry","category-cruceros"],"_links":{"self":[{"href":"https:\/\/dimensionturistica.com\/es\/wp-json\/wp\/v2\/posts\/91639","targetHints":{"allow":["GET"]}}],"collection":[{"href":"https:\/\/dimensionturistica.com\/es\/wp-json\/wp\/v2\/posts"}],"about":[{"href":"https:\/\/dimensionturistica.com\/es\/wp-json\/wp\/v2\/types\/post"}],"author":[{"embeddable":true,"href":"https:\/\/dimensionturistica.com\/es\/wp-json\/wp\/v2\/users\/4"}],"replies":[{"embeddable":true,"href":"https:\/\/dimensionturistica.com\/es\/wp-json\/wp\/v2\/comments?post=91639"}],"version-history":[{"count":0,"href":"https:\/\/dimensionturistica.com\/es\/wp-json\/wp\/v2\/posts\/91639\/revisions"}],"wp:attachment":[{"href":"https:\/\/dimensionturistica.com\/es\/wp-json\/wp\/v2\/media?parent=91639"}],"wp:term":[{"taxonomy":"category","embeddable":true,"href":"https:\/\/dimensionturistica.com\/es\/wp-json\/wp\/v2\/categories?post=91639"},{"taxonomy":"post_tag","embeddable":true,"href":"https:\/\/dimensionturistica.com\/es\/wp-json\/wp\/v2\/tags?post=91639"}],"curies":[{"name":"wp","href":"https:\/\/api.w.org\/{rel}","templated":true}]}}