{"id":91548,"date":"2021-03-06T16:03:01","date_gmt":"2021-03-06T16:03:01","guid":{"rendered":"https:\/\/dimensionturistica.com\/es\/?p=91548"},"modified":"2021-03-06T16:03:01","modified_gmt":"2021-03-06T16:03:01","slug":"la-coleccion-frick-cobra-nuevo-significado-en-un-escenario-brutalista","status":"publish","type":"post","link":"https:\/\/dimensionturistica.com\/es\/la-coleccion-frick-cobra-nuevo-significado-en-un-escenario-brutalista\/","title":{"rendered":"La colecci\u00f3n Frick cobra nuevo significado en un escenario brutalista"},"content":{"rendered":"<p> <br \/>\n<\/p>\n<div>\n<div class=\"lead\">\n<ul>\n<li>\n<h2>El tesoro art\u00edstico se muda por dos a\u00f1os de su hist\u00f3rica mansi\u00f3n al magistral edificio que Marcel Breuer cre\u00f3 para el Whitney<\/h2>\n<\/li>\n<li>\n<h2>El escenario y el enfoque minimalista abren las puertas a una observaci\u00f3n in\u00e9dita de las obras de grandes maestros europeos<\/h2>\n<\/li>\n<\/ul><\/div>\n<p>F\u00edsicamente no se ha ido lejos, cinco calles al norte y una avenida al este, menos de 500 metros a pie, pero el viaje que despu\u00e9s de 85 a\u00f1os ha hecho en Nueva York la <strong>Frick Assortment<\/strong>, y el que propone a sus visitantes, es kilom\u00e9trico.<\/p>\n<p>Mientras la <strong>suntuosa mansi\u00f3n en la Quinta Avenida <\/strong>se somete a un proceso de renovaci\u00f3n y expansi\u00f3n la colecci\u00f3n, con 400 piezas entre pinturas de los m\u00e1s grandes maestros europeos, esculturas, porcelanas, esmaltes y otras obras de arte, se ha <strong>trasladado, por dos a\u00f1os, al edificio Breuer<\/strong>, un icono del brutalismo que naci\u00f3 en 1966 como sede del Whitney y que el Met ten\u00eda alquilado hasta 2023.\u00a0<\/p>\n<p>Los apuros econ\u00f3micos del Metropolitan ayudaron a gestar el subarriendo para la Frick. Y por una vez bienvenidos sean. Porque a partir del <strong>18 de marzo <\/strong>abrir\u00e1 sus puertas al p\u00fablico <a rel=\"nofollow noopener\" target=\"_blank\" href=\"https:\/\/www.frick.org\/madison\">Frick Madison<\/a>, y los neoyorquinos, que durante la pandemia ya han tenido en los museos uno de los pocos botes salvavidas para mantener a flote su vida cultural en vivo, as\u00ed como los visitantes que empiecen a llegar poco a poco conforme se vayan levantando restricciones, deben prepararse para un crucero de lujo, un viaje de descubrimiento.<\/p>\n<h3>Redescubrir<\/h3>\n<p>En realidad es m\u00e1s un viaje de &#8220;<strong>redescubrimiento&#8221;<\/strong>, como ha dicho el subdirector y comisario jefe de la Frick, Xavier Salomon. Porque la colecci\u00f3n es la misma que empez\u00f3 a amasar Henry Clay Frick, magnate del coque y el acero, una de las figuras fundamentales de la edad de los \u201cbarones ladrones&amp;rdquor; y un hombre que amaba tanto el arte como odiaba a los sindicatos, pero el nuevo escenario permite, como cube Salomon, \u201c<strong>deconstruir<\/strong>&amp;rdquor;.\u00a0<\/p>\n<p>Salomon y otra de las comisarias, Aimee Ng, que en la pandemia convirtieron en un \u00e9xito su iniciativa digital semanal \u201ccocktails con un comisario&amp;rdquor;, han explicado que la <strong>inspiraci\u00f3n<\/strong> definitiva para Frick Madison lleg\u00f3 en <strong>Marfa<\/strong> (Texas), viendo la <strong>Fundaci\u00f3n Chinati de Donald Judd<\/strong>. Y la huella es evidente. Porque si en la mansi\u00f3n se abarrotaban entre muebles, oros, terciopelos, m\u00e1rmoles y caobas las pinturas de Rembrandt y Vermeer, El Greco y Tiziano, Turner y Constable, por citar solo algunos de los artistas presentes en la Frick, en el templo de Marcel Brauer comulgan con el <strong>minimalismo<\/strong> del arquitecto h\u00fangaro.<\/p>\n<p>Entre el cemento, en las paredes pintadas ahora con solo cuatro tonos de grises, las obras de los maestros se exponen con una <strong>sobriedad espartana<\/strong> pero tambi\u00e9n con una<strong> simplicidad, cercan\u00eda y acceso <\/strong>que la Frick antes no permit\u00eda. Tambi\u00e9n las esculturas, porcelanas y muebles ganan su escenario particular person, organizadas en casos como la de porcelanas agrupadas por colores con la radical modernidad de una t\u00e9cnica ordinary en el siglo XVIII.<\/p>\n<p>En cada una de las tres plantas, donde la colecci\u00f3n se ha <strong>organizado por zonas geogr\u00e1ficas y escuelas y en orden levemente cronol\u00f3gico<\/strong>, todo respira con espacio.<strong> No hay textos ni etiquetas<\/strong>, m\u00e1s all\u00e1 de los nombres y t\u00edtulos en los marcos, y la informaci\u00f3n solo est\u00e1 en la gu\u00eda impresa gratuita o en la de audio. En casi ning\u00fan caso hay cristales, en ninguno cordones de distancia (aunque los guardias se encargan de decir si hace falta \u201cno tan cerca, por favor&amp;rdquor;). Y en un museo que, como en su antigua casa, en la nueva<strong> tampoco permite la fotograf\u00eda<\/strong> (ni las visitas de menores de 10 a\u00f1os), todo es una<strong> invitaci\u00f3n a la observaci\u00f3n detallada<\/strong> y al deleite pausado.<\/p>\n<h3>Bellini, bajo nueva luz<\/h3>\n<p>\t<span class=\"smallTitle\">Te puede interesar<\/span><\/p>\n<p>Pocos espacios en esta Frick explican mejor lo que representa el cambio de escenario que el dedicado al \u00f3leo que la colecci\u00f3n considera su joya, el &#8216;<strong>San Francisco en \u00e9xtasis&#8217;<\/strong> de <strong>Giovanni Bellini.<\/strong> Cuelga solo en una sala de la tercera planta, la dedicada a Italia y Espa\u00f1a (donde se pueden ver <strong>cuatro cuadros de Goya, tres del Greco, un Vel\u00e1zquez y un Murillo<\/strong>). Frente al cuadro, en este espacio con ecos ineludibles de capilla, o de celda monacal, solo hay un banco y a su izquierda, desde el mismo lugar desde donde Bellini dio su divina iluminaci\u00f3n al de As\u00eds, llega la luz de Nueva York por una de las ventanas trapezoidales abiertas por Breuer a la calle 75. Los misterios de la naturaleza est\u00e1n en el lienzo. Los de la vida urbana, en el exterior. Y aqu\u00ed se unen.<\/p>\n<p>&#8216;The New York Instances&#8217; ha definido Frick Madison como una \u201c<strong>inesperadamente audaz transmutaci\u00f3n&amp;rdquor;<\/strong>. Y lo es. De m\u00e1s a menos. Y menos, ya se sabe, muchas veces es m\u00e1s.<\/p>\n<\/p><\/div>\n\n<p><em> &#8221; Fuentes www.elperiodico.com &#8221; <\/em><\/p>\n","protected":false},"excerpt":{"rendered":"<p>El tesoro art\u00edstico se muda por dos a\u00f1os de su hist\u00f3rica mansi\u00f3n al magistral edificio que Marcel Breuer cre\u00f3 para el Whitney El escenario y el enfoque minimalista abren las puertas a una observaci\u00f3n in\u00e9dita de las obras de grandes maestros europeos F\u00edsicamente no se ha ido lejos, cinco calles al norte y una avenida [&hellip;]<\/p>\n","protected":false},"author":4,"featured_media":91549,"comment_status":"open","ping_status":"closed","sticky":false,"template":"","format":"standard","meta":{"om_disable_all_campaigns":false,"jnews-multi-image_gallery":[],"jnews_single_post":[],"jnews_primary_category":[],"jnews_social_meta":[],"footnotes":""},"categories":[41],"tags":[19183,8550,2506],"class_list":["post-91548","post","type-post","status-publish","format-standard","has-post-thumbnail","hentry","category-cruceros","tag-arte-europeo","tag-museos","tag-nueva-york"],"_links":{"self":[{"href":"https:\/\/dimensionturistica.com\/es\/wp-json\/wp\/v2\/posts\/91548","targetHints":{"allow":["GET"]}}],"collection":[{"href":"https:\/\/dimensionturistica.com\/es\/wp-json\/wp\/v2\/posts"}],"about":[{"href":"https:\/\/dimensionturistica.com\/es\/wp-json\/wp\/v2\/types\/post"}],"author":[{"embeddable":true,"href":"https:\/\/dimensionturistica.com\/es\/wp-json\/wp\/v2\/users\/4"}],"replies":[{"embeddable":true,"href":"https:\/\/dimensionturistica.com\/es\/wp-json\/wp\/v2\/comments?post=91548"}],"version-history":[{"count":0,"href":"https:\/\/dimensionturistica.com\/es\/wp-json\/wp\/v2\/posts\/91548\/revisions"}],"wp:featuredmedia":[{"embeddable":true,"href":"https:\/\/dimensionturistica.com\/es\/wp-json\/wp\/v2\/media\/91549"}],"wp:attachment":[{"href":"https:\/\/dimensionturistica.com\/es\/wp-json\/wp\/v2\/media?parent=91548"}],"wp:term":[{"taxonomy":"category","embeddable":true,"href":"https:\/\/dimensionturistica.com\/es\/wp-json\/wp\/v2\/categories?post=91548"},{"taxonomy":"post_tag","embeddable":true,"href":"https:\/\/dimensionturistica.com\/es\/wp-json\/wp\/v2\/tags?post=91548"}],"curies":[{"name":"wp","href":"https:\/\/api.w.org\/{rel}","templated":true}]}}