{"id":915459,"date":"2025-01-22T05:58:37","date_gmt":"2025-01-22T05:58:37","guid":{"rendered":"https:\/\/dimensionturistica.com\/es\/?p=915459"},"modified":"2025-01-22T05:58:37","modified_gmt":"2025-01-22T05:58:37","slug":"cual-es-el-momento-ideal-para-planificar-tus-vacaciones-de-verano-de-2025","status":"publish","type":"post","link":"https:\/\/dimensionturistica.com\/es\/cual-es-el-momento-ideal-para-planificar-tus-vacaciones-de-verano-de-2025\/","title":{"rendered":"\u00bfCu\u00e1l es el momento ideal para planificar tus vacaciones de verano de 2025?"},"content":{"rendered":"<p><strong>Planificando unas vacaciones de verano inolvidables: consejos para la reserva anticipada<\/strong><\/p>\n<p>La emoci\u00f3n del verano siempre trae consigo el deseo de escapar a nuevos destinos, explorar culturas desconocidas y disfrutar de momentos memorables. Pero, \u00bfcu\u00e1ndo es realmente el mejor momento para asegurar esas tan ansiada vacaciones veraniegas? Mientras algunos prefieren esperar hasta el \u00faltimo minuto para encontrar ofertas, otros descubren que la anticipaci\u00f3n puede ser la clave para obtener las mejores tarifas y opciones.<\/p>\n<p>Seg\u00fan estudios recientes, las reservas anticipadas para las vacaciones de verano de 2025 pueden ofrecer no solo precios m\u00e1s asequibles, sino tambi\u00e9n una mayor variedad de elecciones. La clave est\u00e1 en comenzar a planificar con tiempo. Las aerol\u00edneas y los hoteles suelen lanzar sus tarifas m\u00e1s bajas meses antes de la temporada alta, y a medida que se acercan las vacaciones, los precios tienden a aumentar, especialmente en destinos populares.<\/p>\n<p>Entonces, \u00bfcu\u00e1ndo deber\u00edas comenzar a mirar opciones? Para las escapadas veraniegas, se recomienda hacer reservas entre seis meses y un a\u00f1o de anticipaci\u00f3n. Durante este per\u00edodo, las ofertas son m\u00e1s atractivas y se pueden encontrar paquetes que incluyen vuelos, alojamiento y a veces incluso actividades. Adem\u00e1s, puedes optar por opciones que se agotan r\u00e1pidamente, como alojamientos especiales o experiencias \u00fanicas que pueden hacer que tus vacaciones sean a\u00fan m\u00e1s memorables.<\/p>\n<p>No solo el precio juega un papel importante; tambi\u00e9n la planificaci\u00f3n anticipada te brinda la oportunidad de elegir el lugar y la experiencia que realmente deseas. Si tienes en mente una escapada rom\u00e1ntica, unas vacaciones en familia o un trekking por monta\u00f1as ex\u00f3ticas, este es el momento de investigar y preparar el terreno. Las tendencias de viajes est\u00e1n en constante evoluci\u00f3n, y estar al tanto de estos cambios puede darte una ventaja invaluable.<\/p>\n<p>Un consejo esencial es suscribirte a newsletters de aerol\u00edneas y plataformas de viajes. Estas son una fuente de informaci\u00f3n valiosa sobre promociones temporales y descuentos exclusivos. Tambi\u00e9n puedes usar alertas de precios, que te notificar\u00e1n cuando la tarifa para tu destino sue\u00f1o baje, asegurando que no te pierdas la ocasi\u00f3n perfecta para hacer tu reserva.<\/p>\n<p>Adem\u00e1s, es importante considerar la flexibilidad en tus planes. Viajar en d\u00edas menos populares o fuera de las fechas pico, como la primera quincena de agosto, puede resultar en ahorros significativos. Las temporadas intermedias, como finales de mayo o principios de septiembre, suelen ofrecer un clima excelente y menos multitudes.<\/p>\n<p>Si el destino que anhelas visitar tiene una alta demanda, reservar con antelaci\u00f3n no solo garantiza que asegurar\u00e1s un lugar donde quedarte, sino que tambi\u00e9n te permitir\u00e1 asistir a eventos especiales o festivales que solo tienen lugar en determinadas \u00e9pocas del a\u00f1o.<\/p>\n<p>A medida que comienzas a trazar los detalles de tus pr\u00f3ximas vacaciones, recuerda que la planificaci\u00f3n anticipada es un arte en s\u00ed mismo que se traduce en una experiencia de viaje m\u00e1s placentera y sin estr\u00e9s. As\u00ed que saca ese mapa, explora tus opciones y prep\u00e1rate para disfrutar del verano de 2025. Con un poco de preparaci\u00f3n, tus vacaciones no solo ser\u00e1n un merecido descanso, sino un viaje lleno de momentos maravillosos y recuerdos imborrables. \u00a1La aventura comienza ahora!<\/p>\n<p><em> &#8221; Sources es.euronews.com &#8221; <\/em><\/p>\n<p><em> &#8221; Fuentes es.euronews.com &#8221; <\/em><\/p>\n","protected":false},"excerpt":{"rendered":"<p>Planificando unas vacaciones de verano inolvidables: consejos para la reserva anticipada La emoci\u00f3n del verano siempre trae consigo el deseo de escapar a nuevos destinos, explorar culturas desconocidas y disfrutar de momentos memorables. Pero, \u00bfcu\u00e1ndo es realmente el mejor momento para asegurar esas tan ansiada vacaciones veraniegas? Mientras algunos prefieren esperar hasta el \u00faltimo minuto [&hellip;]<\/p>\n","protected":false},"author":4,"featured_media":915462,"comment_status":"open","ping_status":"closed","sticky":false,"template":"","format":"standard","meta":{"om_disable_all_campaigns":false,"jnews-multi-image_gallery":[],"jnews_single_post":[],"jnews_primary_category":[],"jnews_social_meta":[],"footnotes":""},"categories":[39],"tags":[13687,5977,29522,715,1653,1289,1610,1620,1865,6088,947,544,1861,116229,681,545],"class_list":["post-915459","post","type-post","status-publish","format-standard","has-post-thumbnail","hentry","category-viajes","tag-aventura","tag-consejos","tag-consejos-de-viaje","tag-economia","tag-europa","tag-hoteles","tag-planificacion","tag-precios","tag-reservas","tag-temporada-alta","tag-transporte-aereo","tag-turismo","tag-vacaciones","tag-verano-2025","tag-viaje","tag-viajes"],"_links":{"self":[{"href":"https:\/\/dimensionturistica.com\/es\/wp-json\/wp\/v2\/posts\/915459","targetHints":{"allow":["GET"]}}],"collection":[{"href":"https:\/\/dimensionturistica.com\/es\/wp-json\/wp\/v2\/posts"}],"about":[{"href":"https:\/\/dimensionturistica.com\/es\/wp-json\/wp\/v2\/types\/post"}],"author":[{"embeddable":true,"href":"https:\/\/dimensionturistica.com\/es\/wp-json\/wp\/v2\/users\/4"}],"replies":[{"embeddable":true,"href":"https:\/\/dimensionturistica.com\/es\/wp-json\/wp\/v2\/comments?post=915459"}],"version-history":[{"count":0,"href":"https:\/\/dimensionturistica.com\/es\/wp-json\/wp\/v2\/posts\/915459\/revisions"}],"wp:featuredmedia":[{"embeddable":true,"href":"https:\/\/dimensionturistica.com\/es\/wp-json\/wp\/v2\/media\/915462"}],"wp:attachment":[{"href":"https:\/\/dimensionturistica.com\/es\/wp-json\/wp\/v2\/media?parent=915459"}],"wp:term":[{"taxonomy":"category","embeddable":true,"href":"https:\/\/dimensionturistica.com\/es\/wp-json\/wp\/v2\/categories?post=915459"},{"taxonomy":"post_tag","embeddable":true,"href":"https:\/\/dimensionturistica.com\/es\/wp-json\/wp\/v2\/tags?post=915459"}],"curies":[{"name":"wp","href":"https:\/\/api.w.org\/{rel}","templated":true}]}}