{"id":91522,"date":"2021-03-06T15:12:19","date_gmt":"2021-03-06T15:12:19","guid":{"rendered":"https:\/\/dimensionturistica.com\/es\/?p=91522"},"modified":"2021-03-06T15:12:19","modified_gmt":"2021-03-06T15:12:19","slug":"un-brote-confina-a-cientos-de-trabajadores-de-un-astillero-en-el-puerto-aleman-de-bremerhaven","status":"publish","type":"post","link":"https:\/\/dimensionturistica.com\/es\/un-brote-confina-a-cientos-de-trabajadores-de-un-astillero-en-el-puerto-aleman-de-bremerhaven\/","title":{"rendered":"Un brote confina a cientos de trabajadores de un astillero en el puerto alem\u00e1n de Bremerhaven"},"content":{"rendered":"<p> <br \/>\n<\/p>\n<div>\n<!-- inicio foto --><\/p>\n<div class=\"schema_foto\">\n<picture><source  type=\"image\/webp\">&#13;<source  type=\"image\/jpeg\">&#13;<br \/>\n<img fetchpriority=\"high\" decoding=\"async\" id=\"fotoPrincipalNoticia\" src=\"https:\/\/dimensionturistica.com\/es\/wp-content\/uploads\/2021\/03\/Un-brote-confina-a-cientos-de-trabajadores-de-un-astillero.jpg\" loading=\"eager\" border=\"0\" alt=\"Archivo - 21 December 2020, Bremen, Bremerhaven: A general view of the Coronavirus Vaccination Centre, which has been set up in the town hall. Photo: Sina Schuldt\/dpa\" title=\"Un brote confina a cientos de trabajadores de un astillero en el puerto alem\u00e1n de Bremerhaven\" width=\"640\" height=\"427\" itemprop=\"image\"\/><\/source><\/source><\/picture><\/div>\n<p><!-- fin foto --><br \/>\n<!-- inicio pie-firma --><\/p>\n<p><figcaption><span class=\"fotoPie\">Archivo &#8211; 21 December 2020, Bremen, Bremerhaven: A basic view of the Coronavirus Vaccination Centre, which has been arrange within the city corridor. Photograph: Sina Schuldt\/dpa<\/span> &#8211; Sina Schuldt\/dpa &#8211; Archivo<\/figcaption><\/p>\n<p> <!-- fin pie-firma -->\n<\/div>\n<div id=\"CuerpoNoticiav2\" itemprop=\"articleBody\">\n<p>EMDEN, 6 Mar. (DPA\/EP) &#8211; <\/p>\n<p>   Cientos de trabajadores en el astillero alem\u00e1n de Bremerhaven se encuentran confinados en el flamante crucero de lujo &#8216;Odyssey of the Seas&#8217; en el norte de Alemania despu\u00e9s de que dos de ellos fueran diagnosticados con coronavirus.<\/p>\n<p>   Ahora, y seg\u00fan las regulaciones de la autoridad m\u00e9dica del puertolos trabajadores no pueden abandonar el barco, seg\u00fan ha informado este s\u00e1bado un portavoz del astillero Meyer Werft.<\/p>\n<p>   Los casos fueron identificados el mi\u00e9rcoles y confirmados mediante pruebas de PCR al d\u00eda siguiente. Los dos pacientes han sido separados del resto del private.<\/p>\n<p>   Los trabajadores ahora est\u00e1n siendo examinados todos los d\u00edas, pero hasta ahora no se han encontrado otros casos. El astillero ha indicado que estaba discutiendo los pr\u00f3ximos pasos con las autoridades.<\/p>\n<p>   El transatl\u00e1ntico hab\u00eda llegado al puerto el fin de semana pasado para completar el trabajo remaining.<\/p>\n<\/div>\n\n<p><em> &#8221; Fuentes www.notimerica.com &#8221; <\/em><\/p>\n","protected":false},"excerpt":{"rendered":"<p>&#13;&#13; Archivo &#8211; 21 December 2020, Bremen, Bremerhaven: A basic view of the Coronavirus Vaccination Centre, which has been arrange within the city corridor. Photograph: Sina Schuldt\/dpa &#8211; Sina Schuldt\/dpa &#8211; Archivo EMDEN, 6 Mar. (DPA\/EP) &#8211; Cientos de trabajadores en el astillero alem\u00e1n de Bremerhaven se encuentran confinados en el flamante crucero de lujo [&hellip;]<\/p>\n","protected":false},"author":4,"featured_media":91523,"comment_status":"open","ping_status":"closed","sticky":false,"template":"","format":"standard","meta":{"om_disable_all_campaigns":false,"jnews-multi-image_gallery":[],"jnews_single_post":[],"jnews_primary_category":[],"jnews_social_meta":[],"footnotes":""},"categories":[41],"tags":[],"class_list":["post-91522","post","type-post","status-publish","format-standard","has-post-thumbnail","hentry","category-cruceros"],"_links":{"self":[{"href":"https:\/\/dimensionturistica.com\/es\/wp-json\/wp\/v2\/posts\/91522","targetHints":{"allow":["GET"]}}],"collection":[{"href":"https:\/\/dimensionturistica.com\/es\/wp-json\/wp\/v2\/posts"}],"about":[{"href":"https:\/\/dimensionturistica.com\/es\/wp-json\/wp\/v2\/types\/post"}],"author":[{"embeddable":true,"href":"https:\/\/dimensionturistica.com\/es\/wp-json\/wp\/v2\/users\/4"}],"replies":[{"embeddable":true,"href":"https:\/\/dimensionturistica.com\/es\/wp-json\/wp\/v2\/comments?post=91522"}],"version-history":[{"count":0,"href":"https:\/\/dimensionturistica.com\/es\/wp-json\/wp\/v2\/posts\/91522\/revisions"}],"wp:featuredmedia":[{"embeddable":true,"href":"https:\/\/dimensionturistica.com\/es\/wp-json\/wp\/v2\/media\/91523"}],"wp:attachment":[{"href":"https:\/\/dimensionturistica.com\/es\/wp-json\/wp\/v2\/media?parent=91522"}],"wp:term":[{"taxonomy":"category","embeddable":true,"href":"https:\/\/dimensionturistica.com\/es\/wp-json\/wp\/v2\/categories?post=91522"},{"taxonomy":"post_tag","embeddable":true,"href":"https:\/\/dimensionturistica.com\/es\/wp-json\/wp\/v2\/tags?post=91522"}],"curies":[{"name":"wp","href":"https:\/\/api.w.org\/{rel}","templated":true}]}}