{"id":91519,"date":"2021-03-06T15:10:18","date_gmt":"2021-03-06T15:10:18","guid":{"rendered":"https:\/\/dimensionturistica.com\/es\/?p=91519"},"modified":"2021-03-06T15:10:18","modified_gmt":"2021-03-06T15:10:18","slug":"viajes-en-el-mundo-podran-regresar-para-2022","status":"publish","type":"post","link":"https:\/\/dimensionturistica.com\/es\/viajes-en-el-mundo-podran-regresar-para-2022\/","title":{"rendered":"viajes en el mundo podr\u00e1n regresar para 2022"},"content":{"rendered":"<p> <br \/>\n<\/p>\n<div>\n    <span class=\"author\" itemprop=\"author\">Milenio Digital<\/span><\/p>\n<p>\n    <span class=\"location\" itemprop=\"contentLocation\">Estados Unidos<\/span> \/ <time datetime=\"06-03-2021 09:02:02\" itemprop=\"datePublished\">06.03.2021 09:02:02<\/time><br \/>\n    <meta itemprop=\"dateCreated\" content=\"06-03-2021 09:02:02\"\/><br \/>\n    <meta itemprop=\"dateModified\" content=\"2021-03-06 09:04:08.000000\"\/>\n  <\/p>\n<div id=\"content-body\" class=\"media-container news\" itemprop=\"articleBody\">\n<p>Invoice Gates, fundador de la empresa Microsoft, pronostic\u00f3 que ser\u00e1 posible retomar <b>los viajes con normalidad para 2022<\/b>, luego de que este sector ha sido uno de los m\u00e1s afectados por la <b>pandemia de covid-19<\/b>, seg\u00fan declar\u00f3 en entrevista <span style=\"font-family: var(--font-utopia5);\">con Andrew Ross Sorkin, periodista de CNBC y del peri\u00f3dico New York Instances, en la pink social Clubhouse.<\/span><\/p>\n<blockquote><p>&#8220;En los viajes por el mundo, habr\u00e1 que tener cuidado hasta alg\u00fan momento de 2022, porque <b>las vacunas no est\u00e1n llegando<\/b>. En los Estados Unidos, la situaci\u00f3n de suministro est\u00e1 marchando bien&#8221;, destac\u00f3.<\/p><\/blockquote>\n<p><span style=\"font-family: var(--font-utopia5);\"\/><\/p>\n<p>Desde el a\u00f1o pasado, el empresario estadunidense ha emitido diversos pron\u00f3sticos sobre temas relacionado <a rel=\"nofollow noopener\" target=\"_blank\" href=\"https:\/\/www.milenio.com\/negocios\/bill-gates-pandemia-coronavirus-acentuara-inequidades\">con la pandemia<\/a> o <a rel=\"nofollow noopener\" target=\"_blank\" href=\"https:\/\/www.milenio.com\/negocios\/bill-gates-ve-inalcanzable-meta-cero-emisiones-carbono-2030\">el cambio clim\u00e1tico<\/a>, a trav\u00e9s de charlas debates y entrevistas con medios especializados.\u00a0<\/p>\n<p>En la misma charla, Gates reiter\u00f3 su llamado para que las vacunas anticovid sean suministradas no solo a pa\u00edses ricos, <a rel=\"nofollow noopener\" target=\"_blank\" href=\"https:\/\/www.milenio.com\/negocios\/bill-gates-pide-vacunas-covid-19-gratis-paises-pobres\">sino a los pobres<\/a>. Ante ello, record\u00f3 que la Fundaci\u00f3n Gates cre\u00f3 en India plantas farmac\u00e9uticas que operan a gran volumen.<\/p>\n<p>Sobre su propia vacunaci\u00f3n, Invoice Gates indic\u00f3 que ya recibi\u00f3 la segunda dosis a mediados de febrero,\u00a0sin embargo, <b>no revel\u00f3 con qu\u00e9 f\u00e1rmaco lo hizo<\/b>, y asegur\u00f3 que, aun cuando ya haya recibido las vacunas, continuar\u00e1 respetando las medidas sanitarias correspondientes.<\/p>\n<blockquote><p>&#8220;Quiero dar un buen ejemplo. Si est\u00e1s vacunado, todav\u00eda puedes transmitir, aunque no sea tan probable. <b>No voy a dejar de usar mascarilla ni de tener cuidado<\/b>, sobre todo con las personas mayores que no se han vacunado&#8221;, dijo.<\/p><\/blockquote>\n<p><span style=\"font-family: var(--font-utopia5);\">Actualmente, Gates est\u00e1 financiando <b>estudios en Sud\u00e1frica <\/b>para determinar si las vacunas de AstraZeneca, Johnson &amp; Johnson y Novavax resultan tambi\u00e9n eficaces contra la variante de aquella regi\u00f3n.<\/span><\/p>\n<p>Por \u00faltimo, el empresario asegur\u00f3 que, de no ser controlado el coronavirus en el mundo, se necesitar\u00e1n <b>dosis adicionales de la vacuna en el futuro<\/b>, pero &#8220;probablemente no de manera anual&#8221;.<\/p>\n<p><span style=\"font-family: var(--font-utopia5);\">ROA<\/span><\/p>\n<p>\u200b<\/p>\n<\/p><\/div>\n<\/div>\n<p><script async defer crossorigin=\"anonymous\" src=\"https:\/\/connect.facebook.net\/es_LA\/sdk.js#xfbml=1&#038;version=v7.0\" nonce=\"ZELF4oef\"><\/script><br \/>\n<br \/><\/p>\n<p><em> &#8221; Fuentes origin-www.milenio.com &#8221; <\/em><\/p>\n","protected":false},"excerpt":{"rendered":"<p>Milenio Digital Estados Unidos \/ 06.03.2021 09:02:02 Invoice Gates, fundador de la empresa Microsoft, pronostic\u00f3 que ser\u00e1 posible retomar los viajes con normalidad para 2022, luego de que este sector ha sido uno de los m\u00e1s afectados por la pandemia de covid-19, seg\u00fan declar\u00f3 en entrevista con Andrew Ross Sorkin, periodista de CNBC y del [&hellip;]<\/p>\n","protected":false},"author":4,"featured_media":91520,"comment_status":"open","ping_status":"closed","sticky":false,"template":"","format":"standard","meta":{"om_disable_all_campaigns":false,"jnews-multi-image_gallery":[],"jnews_single_post":[],"jnews_primary_category":[],"jnews_social_meta":[],"footnotes":""},"categories":[39],"tags":[9241,1284,55,4073,797,626,19175,545],"class_list":["post-91519","post","type-post","status-publish","format-standard","has-post-thumbnail","hentry","category-viajes","tag-9241","tag-bill-gates","tag-coronavirus","tag-covid19","tag-mundo","tag-pandemia","tag-vacunas-anticovid","tag-viajes"],"_links":{"self":[{"href":"https:\/\/dimensionturistica.com\/es\/wp-json\/wp\/v2\/posts\/91519","targetHints":{"allow":["GET"]}}],"collection":[{"href":"https:\/\/dimensionturistica.com\/es\/wp-json\/wp\/v2\/posts"}],"about":[{"href":"https:\/\/dimensionturistica.com\/es\/wp-json\/wp\/v2\/types\/post"}],"author":[{"embeddable":true,"href":"https:\/\/dimensionturistica.com\/es\/wp-json\/wp\/v2\/users\/4"}],"replies":[{"embeddable":true,"href":"https:\/\/dimensionturistica.com\/es\/wp-json\/wp\/v2\/comments?post=91519"}],"version-history":[{"count":0,"href":"https:\/\/dimensionturistica.com\/es\/wp-json\/wp\/v2\/posts\/91519\/revisions"}],"wp:featuredmedia":[{"embeddable":true,"href":"https:\/\/dimensionturistica.com\/es\/wp-json\/wp\/v2\/media\/91520"}],"wp:attachment":[{"href":"https:\/\/dimensionturistica.com\/es\/wp-json\/wp\/v2\/media?parent=91519"}],"wp:term":[{"taxonomy":"category","embeddable":true,"href":"https:\/\/dimensionturistica.com\/es\/wp-json\/wp\/v2\/categories?post=91519"},{"taxonomy":"post_tag","embeddable":true,"href":"https:\/\/dimensionturistica.com\/es\/wp-json\/wp\/v2\/tags?post=91519"}],"curies":[{"name":"wp","href":"https:\/\/api.w.org\/{rel}","templated":true}]}}