{"id":91449,"date":"2021-03-06T07:55:09","date_gmt":"2021-03-06T07:55:09","guid":{"rendered":"https:\/\/dimensionturistica.com\/es\/?p=91449"},"modified":"2021-03-06T07:55:09","modified_gmt":"2021-03-06T07:55:09","slug":"la-municipalidad-de-san-lorenzo-puso-en-valor-la-plaza-crucero-general-belgrano-sl24-com-ar","status":"publish","type":"post","link":"https:\/\/dimensionturistica.com\/es\/la-municipalidad-de-san-lorenzo-puso-en-valor-la-plaza-crucero-general-belgrano-sl24-com-ar\/","title":{"rendered":"La Municipalidad de San Lorenzo puso en valor la plaza Crucero General Belgrano \u2013 sl24.com.ar"},"content":{"rendered":"<p> <br \/>\n<\/p>\n<div>\n<div class=\"entry-meta\">\n<div class=\"row align-items-center\">\n<p>\n\t\t\t\t\t<span class=\"posted-on\"><time class=\"entry-date published\" datetime=\"2021-03-05T11:15:14-03:00\">5 de marzo de 2021 &#8211; 11:15<\/time><\/span>\t\t\t\t<\/p>\n<\/p><\/div><\/div>\n<p><!-- .entry-meta --><\/p>\n<div class=\"contenido\">\n<p>El intendente Leonardo Raimundo particip\u00f3 del acto que se organiz\u00f3 en la Plaza Crucero Normal Belgrano, recientemente restaurada por la Municipalidad de San Lorenzo.<\/p>\n<p>En este marco fue homenajeado Miguel \u00c1ngel Burgos, ciudadano San Lorenzo que durante a\u00f1os se encarg\u00f3 de resguardar el espacio p\u00fablico.<\/p>\n<p>Un ex combatiente, Ra\u00fal Santuoro, sobreviviente del hundimiento del Belgrano, dijo: \u201cSe suele decir que el pueblo que no recuerda su pasado no tiene futuro y los veteranos decimos que el soldado no muere en el campo del combate; muere si lo olvida el pueblo por el cual fue a luchar. La revalorizaci\u00f3n de este espacio habla del recuerdo de nuestros ca\u00eddos. Muchachos, no los olvidamos\u201d.<\/p>\n<p>\u201cVamos a estar el 2 de mayo haciendo el acto que honra a los tripulantes del Ara General Belgrano, pero quer\u00edamos mostrar c\u00f3mo hab\u00eda quedado este lugar que tambi\u00e9n es producto del cari\u00f1o que durante muchos a\u00f1os le puso el se\u00f1or Burgos, vecino del barrio. Esta puesta en valor es una forma de decir que acompa\u00f1amos a los que est\u00e1n presentes y que San Lorenzo no olvida a quienes ya no est\u00e1n\u201d, expres\u00f3, a su vez, el intendente.<\/p>\n<p>Tambi\u00e9n se dieron cita el secretario de Gobierno y Cultura, Alejandro Cabral, y los concejales Gustavo Oggero, Andrea Soria y Luciana Resqu\u00edn.<\/p>\n<\/p><\/div><\/div>\n<p><script>(function(d, s, id) {\n  var js, fjs = d.getElementsByTagName(s)[0];\n  if (d.getElementById(id)) return;\n  js = d.createElement(s); js.id = id;\n  js.src=\"https:\/\/connect.facebook.net\/es_LA\/sdk.js#xfbml=1&version=v2.12&appId=296781490849778&autoLogAppEvents=1\";\n  fjs.parentNode.insertBefore(js, fjs);\n}(document, 'script', 'facebook-jssdk'));<\/script><br \/>\n<br \/><\/p>\n<p><em> &#8221; Fuentes sl24.com.ar &#8221; <\/em><\/p>\n","protected":false},"excerpt":{"rendered":"<p>5 de marzo de 2021 &#8211; 11:15 El intendente Leonardo Raimundo particip\u00f3 del acto que se organiz\u00f3 en la Plaza Crucero Normal Belgrano, recientemente restaurada por la Municipalidad de San Lorenzo. En este marco fue homenajeado Miguel \u00c1ngel Burgos, ciudadano San Lorenzo que durante a\u00f1os se encarg\u00f3 de resguardar el espacio p\u00fablico. Un ex combatiente, [&hellip;]<\/p>\n","protected":false},"author":4,"featured_media":0,"comment_status":"open","ping_status":"closed","sticky":false,"template":"","format":"standard","meta":{"om_disable_all_campaigns":false,"jnews-multi-image_gallery":[],"jnews_single_post":[],"jnews_primary_category":[],"jnews_social_meta":[],"footnotes":""},"categories":[41],"tags":[],"class_list":["post-91449","post","type-post","status-publish","format-standard","hentry","category-cruceros"],"_links":{"self":[{"href":"https:\/\/dimensionturistica.com\/es\/wp-json\/wp\/v2\/posts\/91449","targetHints":{"allow":["GET"]}}],"collection":[{"href":"https:\/\/dimensionturistica.com\/es\/wp-json\/wp\/v2\/posts"}],"about":[{"href":"https:\/\/dimensionturistica.com\/es\/wp-json\/wp\/v2\/types\/post"}],"author":[{"embeddable":true,"href":"https:\/\/dimensionturistica.com\/es\/wp-json\/wp\/v2\/users\/4"}],"replies":[{"embeddable":true,"href":"https:\/\/dimensionturistica.com\/es\/wp-json\/wp\/v2\/comments?post=91449"}],"version-history":[{"count":0,"href":"https:\/\/dimensionturistica.com\/es\/wp-json\/wp\/v2\/posts\/91449\/revisions"}],"wp:attachment":[{"href":"https:\/\/dimensionturistica.com\/es\/wp-json\/wp\/v2\/media?parent=91449"}],"wp:term":[{"taxonomy":"category","embeddable":true,"href":"https:\/\/dimensionturistica.com\/es\/wp-json\/wp\/v2\/categories?post=91449"},{"taxonomy":"post_tag","embeddable":true,"href":"https:\/\/dimensionturistica.com\/es\/wp-json\/wp\/v2\/tags?post=91449"}],"curies":[{"name":"wp","href":"https:\/\/api.w.org\/{rel}","templated":true}]}}