{"id":91419,"date":"2021-03-06T07:04:32","date_gmt":"2021-03-06T07:04:32","guid":{"rendered":"https:\/\/dimensionturistica.com\/es\/?p=91419"},"modified":"2021-03-06T07:04:33","modified_gmt":"2021-03-06T07:04:33","slug":"bmw-m8-gran-coupe-maximo-lujo-y-fascinacion-deportiva","status":"publish","type":"post","link":"https:\/\/dimensionturistica.com\/es\/bmw-m8-gran-coupe-maximo-lujo-y-fascinacion-deportiva\/","title":{"rendered":"BMW M8 Gran Coup\u00e9, m\u00e1ximo lujo y fascinaci\u00f3n deportiva"},"content":{"rendered":"<p> <br \/>\n<\/p>\n<div>\n<p data-gtm-element-container=\"modulo-texto-link\" class=\"paragraph\">La deportividad de BMW alcanza l\u00edmites insospechados con el refinado y tecnol\u00f3gico <a rel=\"nofollow noopener\" target=\"_blank\" href=\"https:\/\/www.lavanguardia.com\/motor\/20210219\/6256325\/andres-velencoso-presenta-bmw-m8-gran-coupe-motor-tecnologia-video-seo-ext.html\" title=\"Andr\u00e9s Velencoso presenta el nuevo BMW M8 Gran Coup\u00e9\">M8 Gran Coup\u00e9<\/a>, modelo que re\u00fane todo el saber hacer de la firma alemana en veh\u00edculos de alta gama y grandes prestaciones. No importa el \u00e1ngulo de visi\u00f3n, su imagen es imponente, de una belleza descomunal.<\/p>\n<p data-gtm-element-container=\"modulo-texto-link\" class=\"paragraph\">La carrocer\u00eda de cuatro puertas ofrece unas atractivas proporciones, perfectamente combinadas con sus superlativas dimensiones, ya que la longitud del veh\u00edculo roza los 5,10 metros. En su inside, el M8 Gran Coup\u00e9 est\u00e1 homologado para cinco ocupantes, pero por sus limitaciones, la plaza trasera central queda reservada a cortos desplazamientos. Por su parte, el maletero ofrece una buena capacidad, acogiendo bien las maletas necesarias para cubrir las necesidades de cinco personas.<\/p>\n<p><span class=\"content-ad-module \"><\/p>\n<p><span class=\"content-ad visible-xs roba-container \"><span class=\"ad-unit roba\"><\/p>\n<p>                <\/span><\/span><span class=\"content-ad visible-md irr-container \"><span class=\"ad-unit irr\"><\/p>\n<p>                <\/span><\/span><span class=\"content-html\"><span class=\"intext-md hidden-xs hidden-md\"\/><\/span><\/span><\/p>\n<figure class=\"composite-image image-container \" data-gtm-element-container=\"button-gallery\"><picture><source media=\"(min-width: 638px)\" data-><source media=\"(min-width: 480px)\" data-><img decoding=\"async\" data-full-src=\"https:\/\/www.lavanguardia.com\/uploads\/2021\/02\/22\/6033916ddfd29.jpeg\" alt=\"BMW M8 Gran Coup\u00e9\" src=\"https:\/\/dimensionturistica.com\/es\/wp-content\/uploads\/2021\/03\/BMW-M8-Gran-Coupe-maximo-lujo-y-fascinacion-deportiva.jpeg\" class=\"lazy\"\/><\/source><\/source><\/picture><figcaption class=\"figure-caption\">\n<p class=\"caption-title \">El comportamiento del M8 Gran Coup\u00e9 destaca especialmente en carreteras viradas\u00a0<\/p>\n<p><span class=\"caption-author \">BMW<\/span><\/figcaption><\/figure>\n<p data-gtm-element-container=\"modulo-texto-link\" class=\"paragraph\">El inside est\u00e1 repleto de refinamiento y materiales de calidad. Es extraordinariamente confortable y el trabajo de aislamiento es perfecto, logrando que los viajes de largo recorrido sean un aut\u00e9ntico placer.<\/p>\n<p data-gtm-element-container=\"modulo-texto-link\" class=\"paragraph\">El puesto de conducci\u00f3n es un ejemplo de confort y ergonom\u00eda. Los asientos gozan de m\u00faltiples regulaciones para su adaptaci\u00f3n a cualquier necesidad y el conductor disfruta de una potente carga tecnol\u00f3gica de visualizaci\u00f3n y management. Especialmente atractivo resulta la instrumentaci\u00f3n digital, que adem\u00e1s es configurable.<\/p>\n<p><span class=\"content-subtitle \"><\/p>\n<h2 class=\"subtitle\">Agilidad de compacto<\/h2>\n<p><\/span><\/p>\n<p data-gtm-element-container=\"modulo-texto-link\" class=\"paragraph\">La conducci\u00f3n del M8 Gran Coup\u00e9 es una aut\u00e9ntica delicia. Su propulsor es la punta de lanza de un pack din\u00e1mico capaz de despertar el instinto m\u00e1s deportivo de cada conductor. Extremadamente confortable en v\u00edas r\u00e1pidas, su comportamiento en carreteras viradas es sobresaliente. En estas condiciones se nota el bajo centro de gravedad y la eficacia de la tracci\u00f3n integral xDrive, que tiene una configuraci\u00f3n orientada al eje posterior.<\/p>\n<figure class=\"composite-image image-container \" data-gtm-element-container=\"button-gallery\"><picture><source media=\"(min-width: 638px)\" data-><source media=\"(min-width: 480px)\" data-><img decoding=\"async\" data-full-src=\"https:\/\/www.lavanguardia.com\/uploads\/2021\/02\/22\/60339110170cb.jpeg\" alt=\"BMW M8 Gran Coup\u00e9\" src=\"https:\/\/dimensionturistica.com\/es\/wp-content\/uploads\/2021\/03\/1615014272_597_BMW-M8-Gran-Coupe-maximo-lujo-y-fascinacion-deportiva.jpeg\" class=\"lazy\"\/><\/source><\/source><\/picture><figcaption class=\"figure-caption\">\n<p class=\"caption-title \">El BMW Stay Cockpit Skilled est\u00e1 provisto de sistema de navegaci\u00f3n y asistente private inteligente BMW\u00a0<\/p>\n<p><span class=\"caption-author \">BMW<\/span><\/figcaption><\/figure>\n<p><span class=\"content-ad-module \"><\/p>\n<p><span class=\"content-ad visible-xs irr-container \"><span class=\"ad-unit irr\"><\/p>\n<p>                <\/span><\/span><span class=\"content-html\"><span class=\"intext-xs hidden-xs hidden-md\"\/><\/span><\/span><\/p>\n<p data-gtm-element-container=\"modulo-texto-link\" class=\"paragraph\">El conductor puede seleccionar el modo 4WD Sport en el men\u00fa de configuraci\u00f3n para disponer de mayor entrega de potencia a las ruedas traseras y, desactivando el DSC, se activa el modo 2WD que transmite la potencia solo a las ruedas traseras.<\/p>\n<p data-gtm-element-container=\"modulo-texto-link\" class=\"paragraph\">Tecnolog\u00edas como la direcci\u00f3n activa, el bloqueo del diferencial trasero M activo o la suspensi\u00f3n adaptativa completan un comportamiento excepcional. Y, por supuesto, nos queda el motor, un impresionante V8 de gasolina de 4,4 litros, que desarrolla una potencia de 600 CV y genera unas aceleraciones de infarto, perfectamente compenetrado con la caja de cambios M Steptronic de ocho velocidades.<\/p>\n<figure class=\"composite-image image-container \" data-gtm-element-container=\"button-gallery\"><picture><source media=\"(min-width: 638px)\" data-><source media=\"(min-width: 480px)\" data-><img decoding=\"async\" data-full-src=\"https:\/\/www.lavanguardia.com\/uploads\/2021\/02\/22\/6033913d5a8e4.jpeg\" alt=\"BMW M8 Gran Coup\u00e9\" src=\"https:\/\/dimensionturistica.com\/es\/wp-content\/uploads\/2021\/03\/1615014272_823_BMW-M8-Gran-Coupe-maximo-lujo-y-fascinacion-deportiva.jpeg\" class=\"lazy\"\/><\/source><\/source><\/picture><figcaption class=\"figure-caption\">\n<p class=\"caption-title \">El motor V8 de gasolina del M8 Gran Coup\u00e9 alcanza una potencia de 600 CV\u00a0<\/p>\n<p><span class=\"caption-author \">BMW<\/span><\/figcaption><\/figure>\n<p data-gtm-element-container=\"modulo-texto-link\" class=\"paragraph\">L\u00f3gicamente, el consumo de flamable de este M8 Gran Coup\u00e9 es elevado, aunque en una conducci\u00f3n moderada ofrece registros medios m\u00e1s que aceptables, entre 9 y 10 litros\/100 km.<\/p>\n<p><span class=\"content-related content-border related-double \" data-gtm-element-container=\"modulo-noticias-relacionadas\"><\/p>\n<p>    <span class=\"module-supra-title\"><\/p>\n<p>    <span>Lee tambi\u00e9n<\/span><\/span><\/p>\n<p><span class=\"related-double-module-container \"><\/p>\n<p>    <\/span><span class=\"related-double-module-container \"><\/p>\n<p>    <\/span><\/span><span class=\"content-ad-module \"><\/p>\n<p><span class=\"content-ad visible-xs roba-container \"><span class=\"ad-unit roba\"><\/p>\n<p>                <\/span><\/span><\/span><\/p>\n<p data-gtm-element-container=\"modulo-texto-link\" class=\"paragraph\">La seguridad es otro de sus puntos fuertes, apoyada en una amplia dotaci\u00f3n de sistemas de asistencia. Este BMW equipa tecnolog\u00edas como management de crucero activo con funci\u00f3n Cease&amp;Go, advertencia de cambio y salida de carril, asistente de mantenimiento de carril con protecci\u00f3n contra colisi\u00f3n lateral, BMW Evening Imaginative and prescient, and so forth.<\/p>\n<p><span class=\"content-free-html  \"><\/p>\n<blockquote class=\"twitter-tweet\">\n<p lang=\"es\" dir=\"ltr\">La imagen de la diversi\u00f3n m\u00e1s fresca. La exclusividad en estado puro. BMW Serie 8 Gran Coup\u00e9<a rel=\"nofollow noopener\" target=\"_blank\" href=\"https:\/\/twitter.com\/hashtag\/THE8?src=hash&amp;ref_src=twsrc%5Etfw\">#THE8<\/a> &#x1f449; <a rel=\"nofollow noopener\" target=\"_blank\" href=\"https:\/\/t.co\/qWExrQUNVB\">https:\/\/t.co\/qWExrQUNVB<\/a> <\/p>\n<p>BMW M850i xDrive Gran Coup\u00e9<br \/>Consumo WLTP l\/100 km &#8211; 10.9\/11.0; Emisiones WLTP g\/km &#8211; 248.0\/252.0 <a rel=\"nofollow noopener\" target=\"_blank\" href=\"https:\/\/t.co\/CJVs5vwnDd\">pic.twitter.com\/CJVs5vwnDd<\/a><\/p>\n<p>\u2014 BMW Espa\u00f1a (@BMWEspana) <a rel=\"nofollow noopener\" target=\"_blank\" href=\"https:\/\/twitter.com\/BMWEspana\/status\/1363464990095597571?ref_src=twsrc%5Etfw\">February 21, 2021<\/a>\n<\/p><\/blockquote>\n<p> <\/span><\/p>\n<p data-gtm-element-container=\"modulo-texto-link\" class=\"paragraph\">El M8 Gran Coup\u00e9 impresiona por sus posibilidades de conectividad. El asistente de movilidad private BMW Linked ofrece grandes posibilidades y servicios como, por ejemplo, advertencias de peligro obtenidas de la interconectividad con otros BMW o actualizaci\u00f3n de software program en la nube.<\/p>\n<p><span class=\"content-free-html  \"><span class=\"multimedia-video embed-responsive embed-responsive-16by9 youtube-inline-embed\"><\/p>\n<p><\/span><\/span><span class=\"content-information content-bg-light \" data-gtm-element-container=\"modulo-profundizar\"><\/p>\n<h3 class=\"module-supra-title\">Ficha t\u00e9cnica<\/h3>\n<h2 class=\"module-title\">BMW M8 Gran Coup\u00e9<\/h2>\n<p class=\"module-text\">Motor: Gasolina, 8 cilindros en V<br \/>Cilindrada: 4.395 cc<br \/>Potencia m\u00e1xima: 600 CV a 6.000 rpm<br \/>Cambio: Auto 8 velocidades<br \/>Tracci\u00f3n: Integral<br \/>Aceleraci\u00f3n 0\/100 km\/h: 3,3 segundos<br \/>Velocidad m\u00e1xima: 250 km\/h<br \/>Consumo medio: 11,1 l\/100 km<br \/>Largo\/ancho\/alto: 509\/194\/142 cm<br \/>Maletero: 440 litros<br \/>Dep\u00f3sito: 68 litros<br \/>Garant\u00eda: 2 a\u00f1os, sin l\u00edmite de km<br \/>Precio: 173.250 euros<br \/><a rel=\"nofollow noopener\" target=\"_blank\" href=\"www.bmw.es\">www.bmw.es<\/a><\/p>\n<p><\/span><span class=\"content-ad-module \"><\/p>\n<p><span class=\"content-ad visible-xs roba-container \"><span class=\"ad-unit roba\"><\/p>\n<p>                <\/span><\/span><\/span><span class=\"content-free-html  \"><iframe class=\"iframe-resize lazy\" width=\"100%\" scrolling=\"no\" frameborder=\"0\" data-src=\"https:\/\/lavanguardia-github.github.io\/otros\/modulo-redes-sociales-moveo.html\"><\/iframe><\/span>\n<\/div>\n<p><script async src=\"\/\/platform.twitter.com\/widgets.js\" charset=\"utf-8\"><\/script><script type=\"script\/gg\">\ngg.didomi.doWhenConsent(!window.didomiBypass, 'c:facebooka-frU9M5JY', function () {\n!function(f,b,e,v,n,t,s)\n{if(f.fbq)return;n=f.fbq=function(){n.callMethod?\nn.callMethod.apply(n,arguments):n.queue.push(arguments)};\nif(!f._fbq)f._fbq=n;n.push=n;n.loaded=!0;n.version='2.0';\nn.queue=[];t=b.createElement(e);t.async=!0;\nt.src=v;s=b.getElementsByTagName(e)[0];\ns.parentNode.insertBefore(t,s)}(window, document,'script',\n'https:\/\/connect.facebook.net\/en_US\/fbevents.js');\nfbq('init', '161843274362284');\nfbq('track', 'PageView');\n});\n<\/script><br \/>\n<br \/><\/p>\n<p><em> &#8221; Fuentes www.lavanguardia.com &#8221; <\/em><\/p>\n","protected":false},"excerpt":{"rendered":"<p>La deportividad de BMW alcanza l\u00edmites insospechados con el refinado y tecnol\u00f3gico M8 Gran Coup\u00e9, modelo que re\u00fane todo el saber hacer de la firma alemana en veh\u00edculos de alta gama y grandes prestaciones. No importa el \u00e1ngulo de visi\u00f3n, su imagen es imponente, de una belleza descomunal. La carrocer\u00eda de cuatro puertas ofrece unas [&hellip;]<\/p>\n","protected":false},"author":4,"featured_media":91420,"comment_status":"open","ping_status":"closed","sticky":false,"template":"","format":"standard","meta":{"om_disable_all_campaigns":false,"jnews-multi-image_gallery":[],"jnews_single_post":[],"jnews_primary_category":[],"jnews_social_meta":[],"footnotes":""},"categories":[41],"tags":[],"class_list":["post-91419","post","type-post","status-publish","format-standard","has-post-thumbnail","hentry","category-cruceros"],"_links":{"self":[{"href":"https:\/\/dimensionturistica.com\/es\/wp-json\/wp\/v2\/posts\/91419","targetHints":{"allow":["GET"]}}],"collection":[{"href":"https:\/\/dimensionturistica.com\/es\/wp-json\/wp\/v2\/posts"}],"about":[{"href":"https:\/\/dimensionturistica.com\/es\/wp-json\/wp\/v2\/types\/post"}],"author":[{"embeddable":true,"href":"https:\/\/dimensionturistica.com\/es\/wp-json\/wp\/v2\/users\/4"}],"replies":[{"embeddable":true,"href":"https:\/\/dimensionturistica.com\/es\/wp-json\/wp\/v2\/comments?post=91419"}],"version-history":[{"count":0,"href":"https:\/\/dimensionturistica.com\/es\/wp-json\/wp\/v2\/posts\/91419\/revisions"}],"wp:featuredmedia":[{"embeddable":true,"href":"https:\/\/dimensionturistica.com\/es\/wp-json\/wp\/v2\/media\/91420"}],"wp:attachment":[{"href":"https:\/\/dimensionturistica.com\/es\/wp-json\/wp\/v2\/media?parent=91419"}],"wp:term":[{"taxonomy":"category","embeddable":true,"href":"https:\/\/dimensionturistica.com\/es\/wp-json\/wp\/v2\/categories?post=91419"},{"taxonomy":"post_tag","embeddable":true,"href":"https:\/\/dimensionturistica.com\/es\/wp-json\/wp\/v2\/tags?post=91419"}],"curies":[{"name":"wp","href":"https:\/\/api.w.org\/{rel}","templated":true}]}}