{"id":914086,"date":"2025-01-20T20:44:21","date_gmt":"2025-01-20T20:44:21","guid":{"rendered":"https:\/\/dimensionturistica.com\/es\/?p=914086"},"modified":"2025-01-20T20:44:21","modified_gmt":"2025-01-20T20:44:21","slug":"uber-realizo-mas-de-30000-traslados-durante-las-festividades-de-sanse-2025-4","status":"publish","type":"post","link":"https:\/\/dimensionturistica.com\/es\/uber-realizo-mas-de-30000-traslados-durante-las-festividades-de-sanse-2025-4\/","title":{"rendered":"Uber realiz\u00f3 m\u00e1s de 30,000 traslados durante las festividades de SanSe 2025."},"content":{"rendered":"<p><strong>San Sebasti\u00e1n: Un Recorrido Vibrante por las Fiestas m\u00e1s Coloridas de Puerto Rico<\/strong><\/p>\n<p>Cada a\u00f1o, las calles de San Sebasti\u00e1n se convierten en un mar de colores, m\u00fasica y alegr\u00eda durante las fiestas patronales que rinden homenaje a San Sebasti\u00e1n M\u00e1rtir. Este evento es m\u00e1s que una simple celebraci\u00f3n; es una experiencia cultural que une a boricuas y visitantes en un torbellino de tradiciones y festividades. En 2025, las celebraciones prometieron ser a\u00fan m\u00e1s impactantes, con miles de personas disfrutando de lo que este encantador pueblo tiene para ofrecer.<\/p>\n<p>Uno de los aspectos m\u00e1s destacados de las fiestas es la cantidad de visitantes que atraen. Las estad\u00edsticas indican que la afluencia supera las 30,000 personas, que llegan de todos los rincones de la isla y de otros destinos. Esto no solo es un testimonio de la relevancia de San Sebasti\u00e1n en el calendario festivo, sino tambi\u00e9n un incentivo para la econom\u00eda local. Restaurantes, artesanos y artistas aprovechan esta plataforma para mostrar su talento y ofrecer lo mejor de la cultura puertorrique\u00f1a.<\/p>\n<p>El bullicio de las calles se complementa con el aroma de la comida criolla que inunda el ambiente. Desde los tradicionales alcapurrias y bacala\u00edtos hasta el famoso mofongo, la gastronom\u00eda es una de las estrellas del evento. Los puestos de comida se alinean a lo largo de las plazas, proporcionando un fest\u00edn que satisface todos los paladares. La m\u00fasica tambi\u00e9n juega un papel fundamental, con grupos locales que hacen vibrar los corazones a trav\u00e9s de ritmos t\u00edpicos, como la salsa y la plena.<\/p>\n<p>El uso de servicios de transporte como Uber ha dejado una huella significativa en la log\u00edstica de las fiestas. Con m\u00e1s de 30,000 viajes completados durante las festividades, estas plataformas han facilitado el desplazamiento en un entorno donde el tr\u00e1fico y la congesti\u00f3n pueden convertirse en un desaf\u00edo. Esto le ha permitido a los asistentes disfrutar de las celebraciones sin la preocupaci\u00f3n de encontrar estacionamiento, ampliando el acceso a las festividades y beneficiando a todos los que se aventuran a vivir esta experiencia.<\/p>\n<p>Adem\u00e1s, el ambiente se intensifica con las actividades culturales y art\u00edsticas que se llevan a cabo. Desfiles, exhibiciones de arte y espect\u00e1culos en vivo son solo algunas de las atracciones que enriquecen el evento. Estas actividades no solo celebran las tradiciones, sino que tambi\u00e9n invitan a la participaci\u00f3n de todo el que quiera sumarse a la fiesta, dando cabida a un intercambio cultural din\u00e1mico.<\/p>\n<p>Para quienes buscan una experiencia aut\u00e9ntica y vibrante, las fiestas de San Sebasti\u00e1n ofrecen un sinf\u00edn de oportunidades para sumergirse en la cultura puertorrique\u00f1a. Ya sea disfrutando de la gastronom\u00eda local, bailando al ritmo de la m\u00fasica o explorando las coloridas calles adornadas con luces y decoraciones festivas, cada momento es una celebraci\u00f3n de la comunidad y su rica historia.<\/p>\n<p>Si planeas visitar Puerto Rico, las fiestas de San Sebasti\u00e1n son una parada obligatoria en tu itinerario. Esta celebraci\u00f3n no solo ofrece diversi\u00f3n y entretenimiento, sino tambi\u00e9n la oportunidad de conectar con las tradiciones y el esp\u00edritu del pueblo puertorrique\u00f1o. \u00a1No te lo pierdas! Prep\u00e1rate para disfrutar de un viaje inolvidable donde la alegr\u00eda y la cultura se entrelazan en cada esquina.<\/p>\n<p><em> &#8221; Sources www.metro.pr &#8221; <\/em><\/p>\n<p><em> &#8221; Fuentes www.metro.pr &#8221; <\/em><\/p>\n","protected":false},"excerpt":{"rendered":"<p>San Sebasti\u00e1n: Un Recorrido Vibrante por las Fiestas m\u00e1s Coloridas de Puerto Rico Cada a\u00f1o, las calles de San Sebasti\u00e1n se convierten en un mar de colores, m\u00fasica y alegr\u00eda durante las fiestas patronales que rinden homenaje a San Sebasti\u00e1n M\u00e1rtir. Este evento es m\u00e1s que una simple celebraci\u00f3n; es una experiencia cultural que une [&hellip;]<\/p>\n","protected":false},"author":4,"featured_media":0,"comment_status":"open","ping_status":"closed","sticky":false,"template":"","format":"standard","meta":{"om_disable_all_campaigns":false,"jnews-multi-image_gallery":[],"jnews_single_post":[],"jnews_primary_category":[],"jnews_social_meta":[],"footnotes":""},"categories":[39],"tags":[2924,724,40487,9122,1347,6752,204374,58560,653,1537,545],"class_list":["post-914086","post","type-post","status-publish","format-standard","hentry","category-viajes","tag-estadisticas","tag-eventos","tag-horizontal","tag-metro-puerto-rico","tag-movilidad","tag-puerto-rico","tag-sanse-2025","tag-servicios-de-transporte","tag-transporte","tag-uber","tag-viajes"],"_links":{"self":[{"href":"https:\/\/dimensionturistica.com\/es\/wp-json\/wp\/v2\/posts\/914086","targetHints":{"allow":["GET"]}}],"collection":[{"href":"https:\/\/dimensionturistica.com\/es\/wp-json\/wp\/v2\/posts"}],"about":[{"href":"https:\/\/dimensionturistica.com\/es\/wp-json\/wp\/v2\/types\/post"}],"author":[{"embeddable":true,"href":"https:\/\/dimensionturistica.com\/es\/wp-json\/wp\/v2\/users\/4"}],"replies":[{"embeddable":true,"href":"https:\/\/dimensionturistica.com\/es\/wp-json\/wp\/v2\/comments?post=914086"}],"version-history":[{"count":0,"href":"https:\/\/dimensionturistica.com\/es\/wp-json\/wp\/v2\/posts\/914086\/revisions"}],"wp:attachment":[{"href":"https:\/\/dimensionturistica.com\/es\/wp-json\/wp\/v2\/media?parent=914086"}],"wp:term":[{"taxonomy":"category","embeddable":true,"href":"https:\/\/dimensionturistica.com\/es\/wp-json\/wp\/v2\/categories?post=914086"},{"taxonomy":"post_tag","embeddable":true,"href":"https:\/\/dimensionturistica.com\/es\/wp-json\/wp\/v2\/tags?post=914086"}],"curies":[{"name":"wp","href":"https:\/\/api.w.org\/{rel}","templated":true}]}}