{"id":91387,"date":"2021-03-06T04:16:07","date_gmt":"2021-03-06T04:16:07","guid":{"rendered":"https:\/\/dimensionturistica.com\/es\/?p=91387"},"modified":"2021-03-06T04:16:07","modified_gmt":"2021-03-06T04:16:07","slug":"tamaulipas-operativo-antialcohol-en-nuevo-laredo-esta-de-regreso","status":"publish","type":"post","link":"https:\/\/dimensionturistica.com\/es\/tamaulipas-operativo-antialcohol-en-nuevo-laredo-esta-de-regreso\/","title":{"rendered":"Tamaulipas. Operativo antialcohol en Nuevo Laredo est\u00e1 de regreso"},"content":{"rendered":"<p> <br \/>\n<\/p>\n<div>\n    <span class=\"author\" itemprop=\"author\">Pablo Reyes y Ricardo Hern\u00e1ndez<\/span><\/p>\n<p>\n    <span class=\"location\" itemprop=\"contentLocation\">Nuevo Laredo, Altamira<\/span> \/ <time datetime=\"05-03-2021 15:22:56\" itemprop=\"datePublished\">05.03.2021 15:22:56<\/time><br \/>\n    <meta itemprop=\"dateCreated\" content=\"05-03-2021 15:22:56\"\/><br \/>\n    <meta itemprop=\"dateModified\" content=\"2021-03-05 15:25:47.000000\"\/>\n  <\/p>\n<div id=\"content-body\" class=\"media-container news\" itemprop=\"articleBody\">\n<p>La<b> Direcci\u00f3n de Tr\u00e1nsito y Vialidad<\/b> realizar\u00e1 de forma aleatoria, en diversos puntos de la ciudad, el o<b>perativo antialcohol<\/b>, este viernes y ma\u00f1ana s\u00e1bado, con el objetivo de <b>disminuir la movilidad y el riesgo de contagios por covid-19.<\/b><\/p>\n<p>El alcalde de Nuevo Laredo, Enrique Rivas Cu\u00e9llar, mencion\u00f3 que con el acuerdo emitido el 27 de febrero por el Comit\u00e9 de Seguridad en Salud en el estado, se ampli\u00f3 la prestaci\u00f3n de servicios para algunos comercios y <a rel=\"nofollow noopener\" target=\"_blank\" href=\"https:\/\/www.milenio.com\/salud\/tamaulipas-bares-cantinas-abren-clases-presenciales-escuelas\">se autoriz\u00f3 el funcionamiento de bares, billares y clubes nocturnos<\/a> hasta un 35 por ciento de capacidad, lo que motivar\u00e1 a la gente a salir y divertirse.<\/p>\n<blockquote><p>\u201cSe van a extender los horarios para la venta de alcohol, el consumo en restaurantes tambi\u00e9n se ampl\u00eda en su horario, por lo que habr\u00e1 gran movilidad y genera cierta preocupaci\u00f3n que pueda darse un nuevo contagio, por eso mantendremos los operativos\u201d, dijo Rivas Cu\u00e9llar.<\/p><\/blockquote>\n<p>Los elementos de Tr\u00e1nsito y Vialidad de Nuevo Laredo <b>se instalar\u00e1n en cruceros de mayor tr\u00e1nsito para aplicar el alcohol\u00edmetro<\/b> a los automovilistas que se observen en estado inconveniente para conducir y se exhortar\u00e1 a la comunidad a mantener los protocolos de salud para evitar contagios por covid-19.<\/p>\n<h2><span style=\"color: rgb(79, 97, 40);\">En Altamira, lo aplicar\u00e1n en Semana Santa<\/span><\/h2>\n<p>Regresar\u00e1 <b>operativo antialcohol <\/b>para los automovilistas en el municipio de <b>Altamira<\/b> con la proximidad de la <b>temporada vacacional de Semana Santa<\/b> que es cuando se incrementan los accidentes con fatales consecuencias. <\/p>\n<p>El regidor Eulogio S\u00e1nchez de la Rosa, presidente de la Comisi\u00f3n de Tr\u00e1nsito y Vialidad, se\u00f1al\u00f3 que se ha hecho la petici\u00f3n para que sea por lo menos los <b>fines de semana cuando se apliquen estas medidas<\/b> durante las noches y parte de la madrugada. <\/p>\n<p>Aunado a esto tambi\u00e9n seguir\u00e1n con los <b>filtros en las principales avenidas<\/b> para pedir a los conductores que usen el cubrebocas y en conjunto con Transporte P\u00fablico aplicar las sanciones correspondientes cuando se trate de carros de ruta.<\/p>\n<p>EAS<\/p>\n<\/p><\/div>\n<\/div>\n<p><script async defer crossorigin=\"anonymous\" src=\"https:\/\/connect.facebook.net\/es_LA\/sdk.js#xfbml=1&#038;version=v7.0\" nonce=\"ZELF4oef\"><\/script><br \/>\n<br \/><\/p>\n<p><em> &#8221; Fuentes www.milenio.com &#8221; <\/em><\/p>\n","protected":false},"excerpt":{"rendered":"<p>Pablo Reyes y Ricardo Hern\u00e1ndez Nuevo Laredo, Altamira \/ 05.03.2021 15:22:56 La Direcci\u00f3n de Tr\u00e1nsito y Vialidad realizar\u00e1 de forma aleatoria, en diversos puntos de la ciudad, el operativo antialcohol, este viernes y ma\u00f1ana s\u00e1bado, con el objetivo de disminuir la movilidad y el riesgo de contagios por covid-19. El alcalde de Nuevo Laredo, Enrique [&hellip;]<\/p>\n","protected":false},"author":4,"featured_media":91388,"comment_status":"open","ping_status":"closed","sticky":false,"template":"","format":"standard","meta":{"om_disable_all_campaigns":false,"jnews-multi-image_gallery":[],"jnews_single_post":[],"jnews_primary_category":[],"jnews_social_meta":[],"footnotes":""},"categories":[41],"tags":[19150,19151],"class_list":["post-91387","post","type-post","status-publish","format-standard","has-post-thumbnail","hentry","category-cruceros","tag-bares-ya-pueden-abrir-y-se-extendio-el-horario-par","tag-por-lo-que-se-aplicara-el-operativo-antialcohol-o"],"_links":{"self":[{"href":"https:\/\/dimensionturistica.com\/es\/wp-json\/wp\/v2\/posts\/91387","targetHints":{"allow":["GET"]}}],"collection":[{"href":"https:\/\/dimensionturistica.com\/es\/wp-json\/wp\/v2\/posts"}],"about":[{"href":"https:\/\/dimensionturistica.com\/es\/wp-json\/wp\/v2\/types\/post"}],"author":[{"embeddable":true,"href":"https:\/\/dimensionturistica.com\/es\/wp-json\/wp\/v2\/users\/4"}],"replies":[{"embeddable":true,"href":"https:\/\/dimensionturistica.com\/es\/wp-json\/wp\/v2\/comments?post=91387"}],"version-history":[{"count":0,"href":"https:\/\/dimensionturistica.com\/es\/wp-json\/wp\/v2\/posts\/91387\/revisions"}],"wp:featuredmedia":[{"embeddable":true,"href":"https:\/\/dimensionturistica.com\/es\/wp-json\/wp\/v2\/media\/91388"}],"wp:attachment":[{"href":"https:\/\/dimensionturistica.com\/es\/wp-json\/wp\/v2\/media?parent=91387"}],"wp:term":[{"taxonomy":"category","embeddable":true,"href":"https:\/\/dimensionturistica.com\/es\/wp-json\/wp\/v2\/categories?post=91387"},{"taxonomy":"post_tag","embeddable":true,"href":"https:\/\/dimensionturistica.com\/es\/wp-json\/wp\/v2\/tags?post=91387"}],"curies":[{"name":"wp","href":"https:\/\/api.w.org\/{rel}","templated":true}]}}