{"id":91371,"date":"2021-03-06T02:00:53","date_gmt":"2021-03-06T02:00:53","guid":{"rendered":"https:\/\/dimensionturistica.com\/es\/?p=91371"},"modified":"2021-03-06T02:00:53","modified_gmt":"2021-03-06T02:00:53","slug":"ingebrigtsen-descalificado-y-recalificado-jesus-gomez-bronce-en-los-1-500-m","status":"publish","type":"post","link":"https:\/\/dimensionturistica.com\/es\/ingebrigtsen-descalificado-y-recalificado-jesus-gomez-bronce-en-los-1-500-m\/","title":{"rendered":"Ingebrigtsen, descalificado y recalificado; Jes\u00fas G\u00f3mez, bronce en los 1.500 m"},"content":{"rendered":"<p> <br \/>\n<\/p>\n<div>\n<p data-gtm-element-container=\"modulo-texto-link\" class=\"paragraph\">Se ha alumbrado una maravillosa hornada de milquinientistas europeos.<\/p>\n<p data-gtm-element-container=\"modulo-texto-link\" class=\"paragraph\">El asunto es importante, una suerte de reivindicaci\u00f3n de los corredores del Viejo Continente, que as\u00ed le discuten la supremac\u00eda a los africanos.<\/p>\n<p data-gtm-element-container=\"modulo-texto-link\" class=\"paragraph\">Los duelos entre Jakob Ingebrigtsen y Marcin Lewandowski recuperan otros tiempos, aquellos a\u00f1os ochenta y noventa, con Coe, Ovett, Cram y Elliott, y con Herold y Di Napoli. Y tambi\u00e9n, con los espa\u00f1oles, con Abascal, Gonz\u00e1lez y Cacho.<\/p>\n<p data-gtm-element-container=\"modulo-texto-link\" class=\"paragraph\">Ingebrigtsen y Lewandowski, noruego y polaco, se miran y se estimulan y se retan, y a su estela se abren paso otras fuerzas, una magn\u00edfica generaci\u00f3n de especialistas espa\u00f1oles: ah\u00ed vienen Adri\u00e1n Ben, Sa\u00fal Ord\u00f3\u00f1ez, Mohamed Katir, Mariano Garc\u00eda (gan\u00f3 su ronda de los 800 m), Sergio Paniagua, Lloren\u00e7 Gross sales y, en estos d\u00edas en Tor\u00fan, los m\u00e1s notables: Jes\u00fas G\u00f3mez e Ignacio Fontes.<\/p>\n<p><span class=\"content-ad-module \"><\/p>\n<p><span class=\"content-ad visible-xs roba-container \"><span class=\"ad-unit roba\"><\/p>\n<p>                <\/span><\/span><span class=\"content-ad visible-md irr-container \"><span class=\"ad-unit irr\"><\/p>\n<p>                <\/span><\/span><span class=\"content-html\"><span class=\"intext-md hidden-xs hidden-md\"\/><\/span><\/span><\/p>\n<figure class=\"composite-image image-container \" data-gtm-element-container=\"button-gallery\"><picture><source media=\"(min-width: 638px)\" data-><source media=\"(min-width: 480px)\" data-><img decoding=\"async\" data-full-src=\"https:\/\/www.lavanguardia.com\/uploads\/2021\/03\/05\/60429fa5a6c46.jpeg\" alt=\"Mariano Garc\u00eda se adjudica su serie de los 800 m, en Tor\u00fan\" src=\"https:\/\/dimensionturistica.com\/es\/wp-content\/uploads\/2021\/03\/Ingebrigtsen-descalificado-dos-podios-espanoles-en-los-1500-m.jpeg\" class=\"lazy\"\/><\/source><\/source><\/picture><figcaption class=\"figure-caption\">\n<p class=\"caption-title \">Mariano Garc\u00eda se adjudica su serie de los 800 m, en Tor\u00fan\u00a0<\/p>\n<p><span class=\"caption-author \">Lukasz Szelag \/ Reuters<\/span><\/figcaption><\/figure>\n<p data-gtm-element-container=\"modulo-texto-link\" class=\"paragraph\">19 podios sumaba, hasta ayer, el 1.500 espa\u00f1ol en los Euro-indoor.<\/p>\n<p data-gtm-element-container=\"modulo-texto-link\" class=\"paragraph\">(&#8230;)<\/p>\n<p data-gtm-element-container=\"modulo-texto-link\" class=\"paragraph\">La de este viernes, la de los 1.500 m, period una batalla en dos frentes. De un lado, peleaban Ingebrigtsen y Lewandowski.<\/p>\n<p data-gtm-element-container=\"modulo-texto-link\" class=\"paragraph\">Y del otro, G\u00f3mez y Fontes.<\/p>\n<p><span class=\"content-subtitle \"><\/p>\n<h2 class=\"subtitle\">Calle inside<\/h2>\n<h3 class=\"subtitle\">El noruego ha gestionado una carrera de v\u00e9rtigo, pero hab\u00eda perdido temporalmente el oro al pisar por dentro del anillo<\/h3>\n<p><\/span><\/p>\n<p data-gtm-element-container=\"modulo-texto-link\" class=\"paragraph\">Cuando Ingebrigtsen mira a Lewandoswki, distingue a un ogro.<\/p>\n<p data-gtm-element-container=\"modulo-texto-link\" class=\"paragraph\">Lewandowski es polaco y corr\u00eda en casa, y en estos a\u00f1os se ha convertido en la bestia negra del noruego: cada vez que el peque\u00f1o de los tres hermanos corredores (20 a\u00f1os) busca una proeza, Lewandowski se le mete de por medio.<\/p>\n<p data-gtm-element-container=\"modulo-texto-link\" class=\"paragraph\">Varias veces se lo ha hecho ya: una de ellas, en los Europeos indoor de 2019 (<a rel=\"nofollow noopener\" target=\"_blank\" href=\"https:\/\/www.lavanguardia.com\/deportes\/20190304\/46810903495\/jakob-ingebrigtsen-europeos-atletismo-glasgow-marcin-lewandowski.html\">al arrebatarle el oro en los 1.500<\/a>). Y otra, en los Mundiales al aire libre de ese mismo a\u00f1o (le hab\u00eda quitado el bronce en esa misma distancia).<\/p>\n<p><span class=\"content-ad-module \"><\/p>\n<p><span class=\"content-ad visible-xs irr-container \"><span class=\"ad-unit irr\"><\/p>\n<p>                <\/span><\/span><span class=\"content-html\"><span class=\"intext-xs hidden-xs hidden-md\"\/><\/span><\/span><\/p>\n<p data-gtm-element-container=\"modulo-texto-link\" class=\"paragraph\">\u00bfLo har\u00eda por tercera vez ahora, en estos d\u00edas, en su casa y ante su<i> escasa <\/i>gente (se compite sin p\u00fablico en las gradas)?<\/p>\n<p data-gtm-element-container=\"modulo-texto-link\" class=\"paragraph\">La pregunta ten\u00eda su morbo, y anticipaba una batalla fascinante, ya un cl\u00e1sico del atletismo europeo, algo a analizar al mil\u00edmetro. Se interpretaba que Ingebrigtsen necesitaba la velocidad de crucero, el ritmo que le acercase a los 3m35s, all\u00ed donde el arre\u00f3n ultimate de Lewandowski, se presume, pierde eficiencia.<\/p>\n<p><span class=\"content-related content-border content-related-default \" data-gtm-element-container=\"modulo-noticias-relacionadas\"><\/p>\n<p>    <span class=\"module-details\"><br \/>\n        <span class=\"module-supra-title\"><\/p>\n<p>        <span>Lee tambi\u00e9n<\/span><\/span><\/p>\n<p>    <span class=\"module-author \">Sergio Heredia<\/span><\/span><\/p>\n<figure class=\"image-container\"><picture><source media=\"(min-width: 480px)\" data-><img decoding=\"async\" data-full-src=\"https:\/\/www.lavanguardia.com\/uploads\/2021\/03\/04\/6041402ae4034.jpeg\" alt=\"Jakob Ingebrigtsen, a cola de grupo, controla su semifinal de los 1.500 m en Tor\u00fan\" src=\"https:\/\/dimensionturistica.com\/es\/wp-content\/uploads\/2021\/03\/1614979327_925_Ingebrigtsen-descalificado-dos-podios-espanoles-en-los-1500-m.jpeg\" class=\"lazy\"\/><\/source><\/picture><\/figure>\n<p><\/span><\/p>\n<p data-gtm-element-container=\"modulo-texto-link\" class=\"paragraph\">Y eso, exactamente, ha ocurrido.<\/p>\n<p data-gtm-element-container=\"modulo-texto-link\" class=\"paragraph\">Lo que pasa es que se ha formado una montonera en el arranque, y Jakob Ingebrigtsen se ha metido en un jard\u00edn: mientras Lewandowski tomaba la cabeza, con la concept de ralentizarla, Ingebrigtsen, encerrado, pisaba el inside del anillo en la segunda curva.\u00a0<\/p>\n<p data-gtm-element-container=\"modulo-texto-link\" class=\"paragraph\">Luego se abr\u00eda paso en el mogoll\u00f3n, y aparec\u00eda en cabeza a los 300 m, pero los jueces le hab\u00edan cazado: su suerte parec\u00eda estar echada.<\/p>\n<p><span class=\"content-free-html  \"><span class=\"block-element container-center\"><\/p>\n<blockquote class=\"twitter-tweet\" data-lang=\"es\"><p>\n<a rel=\"nofollow noopener\" target=\"_blank\" href=\"https:\/\/twitter.com\/atletizmdunyasi\/status\/1367944967990165510?s=20\">\n<\/p><\/blockquote>\n<p><\/span><\/span><span class=\"content-ad-module \"><\/p>\n<p><span class=\"content-ad visible-xs roba-container \"><span class=\"ad-unit roba\"><\/p>\n<p>                <\/span><\/span><\/span><\/p>\n<p data-gtm-element-container=\"modulo-texto-link\" class=\"paragraph\">Ha seguido la prueba, e Ingebrigtsen ha formado la fila india, con Lewandowski a su estela y los espa\u00f1oles maniobrando, y se han sucedido las vueltas en 29 segundos.\u00a0<\/p>\n<p data-gtm-element-container=\"modulo-texto-link\" class=\"paragraph\">La prueba tomaba vuelo, apasionante para el espectador y un tormento para los atletas, que miraban a un lado y al otro sin hallar consuelo: Jakob Ingebrigtsen no les iba a dar tregua.<\/p>\n<p><span class=\"content-subtitle \"><\/p>\n<h2 class=\"subtitle\">Plata y bronce<\/h2>\n<h3 class=\"subtitle\">Jes\u00fas G\u00f3mez se conforma con el bronce, dejando en veinte la cifra hist\u00f3rica de podios espa\u00f1oles en los 1.500 m<\/h3>\n<p><\/span><\/p>\n<p data-gtm-element-container=\"modulo-texto-link\" class=\"paragraph\">Ha sido as\u00ed hasta el ultimate: se han cruzado los 800 m en 1m57s y el kil\u00f3metro en 2m26s, y Lewandowski se manten\u00eda tres metros por detr\u00e1s de Ingebrigtsen y Jes\u00fas G\u00f3mez, a un paso del polaco, y as\u00ed cre\u00edan alcanzar la meta, oro (3m37s56), plata para el polaco (3m38s06), bronce para G\u00f3mez (3m38s47) y<i> medalla de chocolate <\/i>para Fontes (3m39s66), hasta que el v\u00eddeo marcaba sentencia: Ingebritsen perd\u00eda el oro,\u00a0temporalmente descalificado, antes de verse luego recalificado, ya pasada la medianoche, tras el recurso de los noruegos.<\/p>\n<p data-gtm-element-container=\"modulo-texto-link\" class=\"paragraph\">Y los espa\u00f1oles ten\u00edan que conformarse con un podio, no dos.<\/p>\n<p><span class=\"content-free-html  \"><span class=\"block-element container-center\"><\/p>\n<blockquote class=\"twitter-tweet\" data-lang=\"es\"><p>\n<a rel=\"nofollow noopener\" target=\"_blank\" href=\"https:\/\/twitter.com\/atletismoRFEA\/status\/1367945571990990859?s=20\">\n<\/p><\/blockquote>\n<p><\/span><\/span><\/p>\n<p data-gtm-element-container=\"modulo-texto-link\" class=\"paragraph\">Este s\u00e1bado, Ingebrigtsen y Lewandowski vuelven a la pelea, ahora en las semifinales de los 3.000 m. Y con ellos, m\u00e1s espa\u00f1oles: Adel Mechaal y Mohamed Katir.<\/p>\n<p><span class=\"content-ad-module \"><\/p>\n<p><span class=\"content-ad visible-xs roba-container \"><span class=\"ad-unit roba\"><\/p>\n<p>                <\/span><\/span><\/span>\n<\/div>\n<p><script async src=\"\/\/platform.twitter.com\/widgets.js\" charset=\"utf-8\"><\/script><script type=\"script\/gg\">\ngg.didomi.doWhenConsent(!window.didomiBypass, 'c:facebooka-frU9M5JY', function () {\n!function(f,b,e,v,n,t,s)\n{if(f.fbq)return;n=f.fbq=function(){n.callMethod?\nn.callMethod.apply(n,arguments):n.queue.push(arguments)};\nif(!f._fbq)f._fbq=n;n.push=n;n.loaded=!0;n.version='2.0';\nn.queue=[];t=b.createElement(e);t.async=!0;\nt.src=v;s=b.getElementsByTagName(e)[0];\ns.parentNode.insertBefore(t,s)}(window, document,'script',\n'https:\/\/connect.facebook.net\/en_US\/fbevents.js');\nfbq('init', '161843274362284');\nfbq('track', 'PageView');\n});\n<\/script><br \/>\n<br \/><\/p>\n<p><em> &#8221; Fuentes www.lavanguardia.com &#8221; <\/em><\/p>\n","protected":false},"excerpt":{"rendered":"<p>Se ha alumbrado una maravillosa hornada de milquinientistas europeos. El asunto es importante, una suerte de reivindicaci\u00f3n de los corredores del Viejo Continente, que as\u00ed le discuten la supremac\u00eda a los africanos. Los duelos entre Jakob Ingebrigtsen y Marcin Lewandowski recuperan otros tiempos, aquellos a\u00f1os ochenta y noventa, con Coe, Ovett, Cram y Elliott, y [&hellip;]<\/p>\n","protected":false},"author":4,"featured_media":91254,"comment_status":"open","ping_status":"closed","sticky":false,"template":"","format":"standard","meta":{"om_disable_all_campaigns":false,"jnews-multi-image_gallery":[],"jnews_single_post":[],"jnews_primary_category":[],"jnews_social_meta":[],"footnotes":""},"categories":[41],"tags":[],"class_list":["post-91371","post","type-post","status-publish","format-standard","has-post-thumbnail","hentry","category-cruceros"],"_links":{"self":[{"href":"https:\/\/dimensionturistica.com\/es\/wp-json\/wp\/v2\/posts\/91371","targetHints":{"allow":["GET"]}}],"collection":[{"href":"https:\/\/dimensionturistica.com\/es\/wp-json\/wp\/v2\/posts"}],"about":[{"href":"https:\/\/dimensionturistica.com\/es\/wp-json\/wp\/v2\/types\/post"}],"author":[{"embeddable":true,"href":"https:\/\/dimensionturistica.com\/es\/wp-json\/wp\/v2\/users\/4"}],"replies":[{"embeddable":true,"href":"https:\/\/dimensionturistica.com\/es\/wp-json\/wp\/v2\/comments?post=91371"}],"version-history":[{"count":0,"href":"https:\/\/dimensionturistica.com\/es\/wp-json\/wp\/v2\/posts\/91371\/revisions"}],"wp:featuredmedia":[{"embeddable":true,"href":"https:\/\/dimensionturistica.com\/es\/wp-json\/wp\/v2\/media\/91254"}],"wp:attachment":[{"href":"https:\/\/dimensionturistica.com\/es\/wp-json\/wp\/v2\/media?parent=91371"}],"wp:term":[{"taxonomy":"category","embeddable":true,"href":"https:\/\/dimensionturistica.com\/es\/wp-json\/wp\/v2\/categories?post=91371"},{"taxonomy":"post_tag","embeddable":true,"href":"https:\/\/dimensionturistica.com\/es\/wp-json\/wp\/v2\/tags?post=91371"}],"curies":[{"name":"wp","href":"https:\/\/api.w.org\/{rel}","templated":true}]}}