{"id":91285,"date":"2021-03-05T22:34:25","date_gmt":"2021-03-05T22:34:25","guid":{"rendered":"https:\/\/dimensionturistica.com\/es\/?p=91285"},"modified":"2021-03-05T22:34:25","modified_gmt":"2021-03-05T22:34:25","slug":"dulceros-extorsionan-y-roban-en-cruceros-de-tecamac-comisario-de-seguridad-publica","status":"publish","type":"post","link":"https:\/\/dimensionturistica.com\/es\/dulceros-extorsionan-y-roban-en-cruceros-de-tecamac-comisario-de-seguridad-publica\/","title":{"rendered":"&#8220;Dulceros&#8221; extorsionan y roban en cruceros de Tec\u00e1mac: Comisario de Seguridad P\u00fablica"},"content":{"rendered":"<p> <br \/>\n<\/p>\n<p>\n\t\t\t\t\t<span class=\"photo_author\"><br \/>\n\t\t\t\t\t\tFoto: Especial \t\t\t\t\t<\/span><br \/>\n\t\t\t\t\t<span class=\"photo_description\"><br \/>\n\t\t\t\t\t\tGalv\u00e1n Villareal agreg\u00f3 que ha sido muy dif\u00edcil combatir a estos grupos que hacen pasar como simples vendedores de dulces, pero que en realidad tienen todo un modus operandi para delinquir en Tec\u00e1mac\t\t\t\t\t<\/span>\n\t\t\t\t<\/p>\n<div>\n<p>El comisario de seguridad p\u00fablica de, Oscar Galv\u00e1n Virrareal sostuvo entre las personas que fueron detenidas, durante los hechos ocurridos el pasado martes, en las inmediaciones de la <strong>Macro Plaza Tec\u00e1mac<\/strong>, hay gente que se dedica al <strong>robo<\/strong> y a la <strong>extorsi\u00f3n<\/strong>.<\/p>\n<p>En ese sentido, dijo que la polic\u00eda actu\u00f3 a petici\u00f3n de las denuncias ciudadanas, que constantemente se afirman que los limpiaparabrisas, franeleros o dulceros, sino los dan dinero, agreden o roban a los automovilistas.<\/p>\n<p>Galv\u00e1n Villareal agreg\u00f3 que ha sido muy dif\u00edcil combatir a estos grupos que hacen pasar como simples vendedores de dulces, pero que en realidad tienen todo un modus operandi para delinquir.<\/p>\n<p>Record\u00f3 que ese d\u00eda llegaron a bordo de varios veh\u00edculos, tres de los cuales dejaron abandonados cuando actu\u00f3 la polic\u00eda para dispersarlos de la avenida que manten\u00edan bloqueada.<\/p>\n<p>En ese sentido, Galv\u00e1n Villareal sostuvo que estar\u00e1 pendiente del desarrollo de las indagatorias que ya obran en una carpeta de investigaci\u00f3n ante la fiscal\u00eda basic de justicia.<\/p>\n<h3><span style=\"color: #800000;\"><strong>Balacera en Macro Plaza de Tec\u00e1mac provoca caos\u00a0<\/strong><\/span><\/h3>\n<p>El pasado martes martes se registr\u00f3 una enfrentamiento a balazos\u00a0 en las inmediaciones de la avenida <strong>Chapultepec<\/strong>, a un costado de la <strong>Macro Plaza Tec\u00e1mac, c<\/strong>uyo saldo fue siete personas detenidas, una patrulla baleada y, extraoficialmente, cuatro heridos.<\/p>\n<p>Los hechos se registraron alrededor de las 15:00 horas, cuando la polic\u00eda municipal de Tec\u00e1mac acudi\u00f3 al lugar para dispersar la manifestaci\u00f3n y el bloqueo que realizaban al menos 100 limpiaparabrisas y vendedores de dulces que laboran en los cruceros de esta demarcaci\u00f3n <strong>mexiquense<\/strong>.<\/p>\n<p>Los inconformes protestaban supuestamente por la detenci\u00f3n de varios de sus compa\u00f1eros, quienes el\u00a0\u00a0 lunes pasado fueron arrestados y presentados ante la <strong>Fiscal\u00eda<\/strong> regional de <strong>Tec\u00e1mac<\/strong>, a petici\u00f3n de varios conductores particulares.<\/p>\n<blockquote class=\"twitter-tweet\">\n<p dir=\"ltr\" lang=\"es\">&#x1f4fd; Balacera en inmediaciones de avenida Chapultepec, a un costado de la macro plaza Tec\u00e1mac deja 7 detenidos extraoficialmente 4 heridos y una patrulla municipal baleada <a rel=\"nofollow noopener\" target=\"_blank\" href=\"https:\/\/t.co\/RlqNrF8hGC\">https:\/\/t.co\/RlqNrF8hGC<\/a><a rel=\"nofollow noopener\" target=\"_blank\" href=\"https:\/\/twitter.com\/hashtag\/Video?src=hash&amp;ref_src=twsrc%5Etfw\">#Video<\/a>: Especial <a rel=\"nofollow noopener\" target=\"_blank\" href=\"https:\/\/t.co\/Xj4IJxSGB3\">pic.twitter.com\/Xj4IJxSGB3<\/a><\/p>\n<p>\u2014 @diario24horas (@diario24horas) <a rel=\"nofollow noopener\" target=\"_blank\" href=\"https:\/\/twitter.com\/diario24horas\/status\/1366886169351512069?ref_src=twsrc%5Etfw\">March 2, 2021<\/a><\/p>\n<\/blockquote>\n<p>Al arribar los elementos policiacos, luego de unos 40 minutos despu\u00e9s de iniciada la protesta, encabezados por el comisario de <strong>Seguridad P\u00fablica, \u00d3scar Galv\u00e1n,<\/strong> varios de los inconformes habr\u00edan realizado detonaciones de arma de fuego; incluso una patrulla municipal recibi\u00f3 varios impactos de bala en la carrocer\u00eda.<\/p>\n<p>Ante ello, los uniformados comenzaron a disparar al aire con el fin de dispersar a los manifestantes, quienes buscaron refugio en varios lugares de la zona.<\/p>\n<p>Los detenidos fueron trasladados a las instalaciones de la Fiscal\u00eda Regional de Tec\u00e1mac para deslindar responsabilidades, donde el abogado penalista de <strong>Ecatepec<\/strong>, <strong>Carlos Mata,<\/strong> asumi\u00f3 la defensa de las personas arrestadas.<\/p>\n<p>En movies difundidos mediante las redes sociales, se\u00a0 observa correr a la gente, mientras\u00a0 se escuchan disparos de armas de fuego.<\/p>\n<p>MGL<\/p>\n<\/p><\/div>\n<p><script async src=\"\/\/platform.twitter.com\/widgets.js\" charset=\"utf-8\"><\/script><br \/>\n<br \/><\/p>\n<p><em> &#8221; Fuentes www.24-horas.mx &#8221; <\/em><\/p>\n","protected":false},"excerpt":{"rendered":"<p>Foto: Especial Galv\u00e1n Villareal agreg\u00f3 que ha sido muy dif\u00edcil combatir a estos grupos que hacen pasar como simples vendedores de dulces, pero que en realidad tienen todo un modus operandi para delinquir en Tec\u00e1mac El comisario de seguridad p\u00fablica de, Oscar Galv\u00e1n Virrareal sostuvo entre las personas que fueron detenidas, durante los hechos ocurridos [&hellip;]<\/p>\n","protected":false},"author":4,"featured_media":91286,"comment_status":"open","ping_status":"closed","sticky":false,"template":"","format":"standard","meta":{"om_disable_all_campaigns":false,"jnews-multi-image_gallery":[],"jnews_single_post":[],"jnews_primary_category":[],"jnews_social_meta":[],"footnotes":""},"categories":[41],"tags":[],"class_list":["post-91285","post","type-post","status-publish","format-standard","has-post-thumbnail","hentry","category-cruceros"],"_links":{"self":[{"href":"https:\/\/dimensionturistica.com\/es\/wp-json\/wp\/v2\/posts\/91285","targetHints":{"allow":["GET"]}}],"collection":[{"href":"https:\/\/dimensionturistica.com\/es\/wp-json\/wp\/v2\/posts"}],"about":[{"href":"https:\/\/dimensionturistica.com\/es\/wp-json\/wp\/v2\/types\/post"}],"author":[{"embeddable":true,"href":"https:\/\/dimensionturistica.com\/es\/wp-json\/wp\/v2\/users\/4"}],"replies":[{"embeddable":true,"href":"https:\/\/dimensionturistica.com\/es\/wp-json\/wp\/v2\/comments?post=91285"}],"version-history":[{"count":0,"href":"https:\/\/dimensionturistica.com\/es\/wp-json\/wp\/v2\/posts\/91285\/revisions"}],"wp:featuredmedia":[{"embeddable":true,"href":"https:\/\/dimensionturistica.com\/es\/wp-json\/wp\/v2\/media\/91286"}],"wp:attachment":[{"href":"https:\/\/dimensionturistica.com\/es\/wp-json\/wp\/v2\/media?parent=91285"}],"wp:term":[{"taxonomy":"category","embeddable":true,"href":"https:\/\/dimensionturistica.com\/es\/wp-json\/wp\/v2\/categories?post=91285"},{"taxonomy":"post_tag","embeddable":true,"href":"https:\/\/dimensionturistica.com\/es\/wp-json\/wp\/v2\/tags?post=91285"}],"curies":[{"name":"wp","href":"https:\/\/api.w.org\/{rel}","templated":true}]}}