{"id":912818,"date":"2025-01-18T21:29:50","date_gmt":"2025-01-18T21:29:50","guid":{"rendered":"https:\/\/dimensionturistica.com\/es\/?p=912818"},"modified":"2025-01-18T21:29:50","modified_gmt":"2025-01-18T21:29:50","slug":"el-lider-de-la-asociacion-de-agentes-de-viajes-andres-deya-sostuvo-un-encuentro-con-scioli","status":"publish","type":"post","link":"https:\/\/dimensionturistica.com\/es\/el-lider-de-la-asociacion-de-agentes-de-viajes-andres-deya-sostuvo-un-encuentro-con-scioli\/","title":{"rendered":"El l\u00edder de la Asociaci\u00f3n de Agentes de Viajes, Andr\u00e9s Dey\u00e1, sostuvo un encuentro con Scioli."},"content":{"rendered":"<h3>La Era del Viaje: Un Di\u00e1logo entre el Turismo y la Pol\u00edtica<\/h3>\n<p>El mundo del turismo est\u00e1 experimentando un momento crucial. En este contexto, la reciente reuni\u00f3n entre el presidente de la Federaci\u00f3n de Agentes de Viaje y el candidato a gobernador de la provincia de Buenos Aires ha marcado un hito en la b\u00fasqueda de soluciones para el sector. Este tipo de di\u00e1logos pone de manifiesto la importancia de unir fuerzas entre el \u00e1mbito pol\u00edtico y el empresarial para potenciar una industria que es vital para la econom\u00eda y la cultura.<\/p>\n<p>En el encuentro, se abordaron temas de vital importancia que afectan tanto a los profesionales del turismo como a los viajeros. Entre los t\u00f3picos discutidos, se resalt\u00f3 la necesidad de implementar pol\u00edticas que faciliten y promuevan el acceso a destinos nacionales e internacionales. La mejora en la conectividad a\u00e9rea y la promoci\u00f3n de experiencias tur\u00edsticas a nivel local se posicionan como ejes centrales para revitalizar un sector que ha sido golpeado por m\u00faltiples crisis.<\/p>\n<p>Otro aspecto relevante tratado fue la capacitaci\u00f3n y el apoyo a los agentes de viaje. Estos profesionales son la columna vertebral de la experiencia del viajero, y dotarlos de las herramientas adecuadas es fundamental para garantizar una atenci\u00f3n de alta calidad. En un mercado cada vez m\u00e1s competitivo y digital, los agentes necesitan recursos y actualizaciones constantes que les permitan brindar un servicio diferenciado.<\/p>\n<p>Adem\u00e1s, el di\u00e1logo tambi\u00e9n enfatiz\u00f3 el valor del turismo sostenible. Con la creciente conciencia sobre la conservaci\u00f3n del medio ambiente y la importancia de un turismo responsable, es esencial que se promuevan iniciativas que protejan los destinos y fomenten pr\u00e1cticas sostenibles. Al hacerlo, no solo se contribuye a la preservaci\u00f3n del patrimonio natural y cultural, sino que tambi\u00e9n se atrae a un segmento de viajeros que valora estas cuestiones.<\/p>\n<p>El encuentro no solo subraya la importancia de la colaboraci\u00f3n entre sectores, sino que tambi\u00e9n refleja la necesidad de una visi\u00f3n a largo plazo para el turismo. La reactivaci\u00f3n de vuelos y la optimizaci\u00f3n de la infraestructura tur\u00edstica son pasos que deben ser priorizados. En este sentido, el compromiso pol\u00edtico y la sinergia entre las distintas partes interesadas ser\u00e1n fundamentales para enfrentar los desaf\u00edos que a\u00fan persisten.<\/p>\n<p>La perspectiva de un futuro en el que el turismo no solo recupere su dinamismo, sino que lo haga con un enfoque renovador, es una esperanza que se respira entre los involucrados. La colaboraci\u00f3n entre agentes de viaje, autoridades y ciudadanos es clave para construir un sector que no solo sea resiliente, sino que tambi\u00e9n impulse el desarrollo econ\u00f3mico y social de las comunidades.<\/p>\n<p>A medida que avanzamos hacia la reactivaci\u00f3n del turismo, es vital que se mantenga vivo el di\u00e1logo entre todas las partes. As\u00ed, no solo se lograr\u00e1 atraer a m\u00e1s visitantes, sino que tambi\u00e9n se fomentar\u00e1 un sentido de pertenencia y orgullo por nuestras ra\u00edces culturales. El turismo, en su esencia pura, es una celebraci\u00f3n del encuentro entre diferentes culturas, y en este camino, cada voz cuenta.<\/p>\n<p><em> &#8221; Sources www.continental.com.ar &#8221; <\/em><\/p>\n<p><em> &#8221; Sources www.continental.com.ar &#8221; <\/em><\/p>\n","protected":false},"excerpt":{"rendered":"<p>La Era del Viaje: Un Di\u00e1logo entre el Turismo y la Pol\u00edtica El mundo del turismo est\u00e1 experimentando un momento crucial. En este contexto, la reciente reuni\u00f3n entre el presidente de la Federaci\u00f3n de Agentes de Viaje y el candidato a gobernador de la provincia de Buenos Aires ha marcado un hito en la b\u00fasqueda [&hellip;]<\/p>\n","protected":false},"author":4,"featured_media":0,"comment_status":"open","ping_status":"closed","sticky":false,"template":"","format":"standard","meta":{"om_disable_all_campaigns":false,"jnews-multi-image_gallery":[],"jnews_single_post":[],"jnews_primary_category":[],"jnews_social_meta":[],"footnotes":""},"categories":[40],"tags":[3225,132684,177994,30138,8938,204058,26079,7173,15733,7976,197760,3373,197761,544,545],"class_list":["post-912818","post","type-post","status-publish","format-standard","hentry","category-industria","tag-agentes-de-viaje","tag-andrs-dey","tag-andres-deya","tag-daniel-scioli","tag-encuentros","tag-federacin-de-agentes-de-viaje","tag-federacion","tag-liderazgo","tag-negociacion","tag-reunion","tag-ricardo-seronero","tag-scioli","tag-sent-argentina","tag-turismo","tag-viajes"],"_links":{"self":[{"href":"https:\/\/dimensionturistica.com\/es\/wp-json\/wp\/v2\/posts\/912818","targetHints":{"allow":["GET"]}}],"collection":[{"href":"https:\/\/dimensionturistica.com\/es\/wp-json\/wp\/v2\/posts"}],"about":[{"href":"https:\/\/dimensionturistica.com\/es\/wp-json\/wp\/v2\/types\/post"}],"author":[{"embeddable":true,"href":"https:\/\/dimensionturistica.com\/es\/wp-json\/wp\/v2\/users\/4"}],"replies":[{"embeddable":true,"href":"https:\/\/dimensionturistica.com\/es\/wp-json\/wp\/v2\/comments?post=912818"}],"version-history":[{"count":0,"href":"https:\/\/dimensionturistica.com\/es\/wp-json\/wp\/v2\/posts\/912818\/revisions"}],"wp:attachment":[{"href":"https:\/\/dimensionturistica.com\/es\/wp-json\/wp\/v2\/media?parent=912818"}],"wp:term":[{"taxonomy":"category","embeddable":true,"href":"https:\/\/dimensionturistica.com\/es\/wp-json\/wp\/v2\/categories?post=912818"},{"taxonomy":"post_tag","embeddable":true,"href":"https:\/\/dimensionturistica.com\/es\/wp-json\/wp\/v2\/tags?post=912818"}],"curies":[{"name":"wp","href":"https:\/\/api.w.org\/{rel}","templated":true}]}}