{"id":91228,"date":"2021-03-05T20:38:48","date_gmt":"2021-03-05T20:38:48","guid":{"rendered":"https:\/\/dimensionturistica.com\/es\/?p=91228"},"modified":"2021-03-05T20:38:48","modified_gmt":"2021-03-05T20:38:48","slug":"contra-poste-y-verduleria-se-impacta-taxi-de-zaachila","status":"publish","type":"post","link":"https:\/\/dimensionturistica.com\/es\/contra-poste-y-verduleria-se-impacta-taxi-de-zaachila\/","title":{"rendered":"Contra poste y verduler\u00eda se impacta taxi de Zaachila"},"content":{"rendered":"<p> <br \/>\n<\/p>\n<div>\n<h4><strong>Se inform\u00f3 que el conductor de un taxi del \u201cSitio Manantial\u201d de la Villa de Zaachila, marcado con el n\u00famero econ\u00f3mico 07-074, por conducir a exceso de velocidad provoc\u00f3 los da\u00f1os.<\/strong><\/h4>\n<p>P<strong>or Guadalupe Espinoza<\/strong><\/p>\n<p><strong>Oaxaca, Oax.-<\/strong> Esta ma\u00f1ana de viernes el conductor de un taxi for\u00e1neo se impact\u00f3 contra un poste de tel\u00e9fono y un puesto de frutas y verduras, en el municipio de San Bartolo Coyotepec, el responsable escap\u00f3 abandonando su unidad de motor.<\/p>\n<p>Los hechos ocurrieron durante las primeras horas de hoy sobre la carretera federal 175, tramo Oaxaca \u2013 Puerto \u00c1ngel, a unos metros del crucero del Hospital Regional de Alta Especialidad.<\/p>\n<p>Se inform\u00f3 que el conductor de un taxi del \u201cSitio Manantial\u201d de la Villa de Zaachila, marcado con el n\u00famero econ\u00f3mico 07-074, por conducir a exceso de velocidad provoc\u00f3 los da\u00f1os.<\/p>\n<p>Al round por encima de los l\u00edmites de velocidad perdi\u00f3 el management, choc\u00f3 contra un poste de tel\u00e9fono, lo derrib\u00f3 y termin\u00f3 su carrera chocando contra un puesto de frutas y verduras, causando da\u00f1os materiales.<\/p>\n<p>Tras el percance, el taxista abandon\u00f3 su unidad de motor y se dio la fuga, m\u00e1s tarde arribaron corporaciones policiales que aseguraron la unidad de motor.<\/p>\n<p>A pesar de lo aparatoso del choque, solamente se reportan p\u00e9rdidas materiales.<\/p>\n<\/p><\/div>\n\n<p><em> &#8221; Fuentes www.diariomarca.com.mx &#8221; <\/em><\/p>\n","protected":false},"excerpt":{"rendered":"<p>Se inform\u00f3 que el conductor de un taxi del \u201cSitio Manantial\u201d de la Villa de Zaachila, marcado con el n\u00famero econ\u00f3mico 07-074, por conducir a exceso de velocidad provoc\u00f3 los da\u00f1os. Por Guadalupe Espinoza Oaxaca, Oax.- Esta ma\u00f1ana de viernes el conductor de un taxi for\u00e1neo se impact\u00f3 contra un poste de tel\u00e9fono y un [&hellip;]<\/p>\n","protected":false},"author":4,"featured_media":91229,"comment_status":"open","ping_status":"closed","sticky":false,"template":"","format":"standard","meta":{"om_disable_all_campaigns":false,"jnews-multi-image_gallery":[],"jnews_single_post":[],"jnews_primary_category":[],"jnews_social_meta":[],"footnotes":""},"categories":[41],"tags":[],"class_list":["post-91228","post","type-post","status-publish","format-standard","has-post-thumbnail","hentry","category-cruceros"],"_links":{"self":[{"href":"https:\/\/dimensionturistica.com\/es\/wp-json\/wp\/v2\/posts\/91228","targetHints":{"allow":["GET"]}}],"collection":[{"href":"https:\/\/dimensionturistica.com\/es\/wp-json\/wp\/v2\/posts"}],"about":[{"href":"https:\/\/dimensionturistica.com\/es\/wp-json\/wp\/v2\/types\/post"}],"author":[{"embeddable":true,"href":"https:\/\/dimensionturistica.com\/es\/wp-json\/wp\/v2\/users\/4"}],"replies":[{"embeddable":true,"href":"https:\/\/dimensionturistica.com\/es\/wp-json\/wp\/v2\/comments?post=91228"}],"version-history":[{"count":0,"href":"https:\/\/dimensionturistica.com\/es\/wp-json\/wp\/v2\/posts\/91228\/revisions"}],"wp:featuredmedia":[{"embeddable":true,"href":"https:\/\/dimensionturistica.com\/es\/wp-json\/wp\/v2\/media\/91229"}],"wp:attachment":[{"href":"https:\/\/dimensionturistica.com\/es\/wp-json\/wp\/v2\/media?parent=91228"}],"wp:term":[{"taxonomy":"category","embeddable":true,"href":"https:\/\/dimensionturistica.com\/es\/wp-json\/wp\/v2\/categories?post=91228"},{"taxonomy":"post_tag","embeddable":true,"href":"https:\/\/dimensionturistica.com\/es\/wp-json\/wp\/v2\/tags?post=91228"}],"curies":[{"name":"wp","href":"https:\/\/api.w.org\/{rel}","templated":true}]}}