{"id":912179,"date":"2025-01-18T01:45:47","date_gmt":"2025-01-18T01:45:47","guid":{"rendered":"https:\/\/dimensionturistica.com\/es\/?p=912179"},"modified":"2025-01-18T01:45:47","modified_gmt":"2025-01-18T01:45:47","slug":"el-sector-turistico-expresa-su-descontento-por-la-salida-de-brad-dean-del-dmo-y-respalda-la-continuidad-de-la-organizacion","status":"publish","type":"post","link":"https:\/\/dimensionturistica.com\/es\/el-sector-turistico-expresa-su-descontento-por-la-salida-de-brad-dean-del-dmo-y-respalda-la-continuidad-de-la-organizacion\/","title":{"rendered":"El sector tur\u00edstico expresa su descontento por la salida de Brad Dean del DMO y respalda la continuidad de la organizaci\u00f3n."},"content":{"rendered":"<p><strong>Reflexiones sobre el futuro del turismo en Puerto Rico: Un cambio en la direcci\u00f3n<\/strong><\/p>\n<p>La industria tur\u00edstica de Puerto Rico atraviesa un momento de transformaci\u00f3n y reflexi\u00f3n. Recientemente, la renuncia de Brad Dean, director ejecutivo de la Compa\u00f1\u00eda de Turismo de Puerto Rico, ha suscitado diversas reacciones y una profunda preocupaci\u00f3n por el rumbo que tomar\u00e1 el sector en un momento en que se requiere la mayor estabilidad y creatividad. Este suceso no solo marca un cambio de liderazgo, sino que tambi\u00e9n plantea preguntas sobre el futuro de la promoci\u00f3n tur\u00edstica y el reconocimiento del potencial de la isla como un destino atractivo.<\/p>\n<p>La salida de Dean ha dejado un vac\u00edo que muchos consideran dif\u00edcil de llenar, especialmente considerando su enfoque en revitalizar las estrategias de marketing y fortalecer la imagen de Puerto Rico en el escenario global. Durante su gesti\u00f3n, se impulsaron iniciativas que buscaban diversificar la oferta tur\u00edstica y atraer un p\u00fablico m\u00e1s amplio, no solo en la temporada alta, sino a lo largo de todo el a\u00f1o. Sin embargo, su renuncia se produce en un contexto donde a\u00fan se deben consolidar los avances logrados y enfrentar retos constantes, desde el impacto de desastres naturales hasta la reactivaci\u00f3n plena tras la pandemia.<\/p>\n<p>A pesar de la inquietud que la renuncia ha generado, muchos sectores de la industria defienden la necesidad de mantener y fortalecer la estructura de la Compa\u00f1\u00eda de Turismo. Esta entidad ha sido vital para la formulaci\u00f3n y ejecuci\u00f3n de pol\u00edticas que promueven a Puerto Rico como un destino seguro y atractivo tanto para visitantes nacionales como internacionales. Las voces que abogan por su continuidad se\u00f1alan que un \u00f3rgano fuerte y bien estructurado es crucial para navegar los desaf\u00edos actuales del mercado.<\/p>\n<p>Por otro lado, este escenario tambi\u00e9n abre la puerta a discutir c\u00f3mo se puede innovar en la promoci\u00f3n del destino. Puerto Rico posee una rica herencia cultural, paisajes de ensue\u00f1o y una calidez inigualable que, si se comunican eficazmente, pueden fortalecer la posici\u00f3n de la isla en el competitivo mercado tur\u00edstico. La creaci\u00f3n de narrativas aut\u00e9nticas que conecten emocionalmente con los viajeros, junto a la implementaci\u00f3n de tecnolog\u00edas avanzadas en la promoci\u00f3n, pueden ser claves para atraer un flujo constante de visitantes.<\/p>\n<p>Asimismo, es crucial que la comunidad local est\u00e9 involucrada en las decisiones que afectan su propio entorno tur\u00edstico. Fomentar el turismo sostenible y responsable, donde se valore el patrimonio cultural y natural, puede ser un enfoque viable que beneficie tanto a los visitantes como a los residentes. La promoci\u00f3n de actividades que resalten la gastronom\u00eda, la m\u00fasica, el arte y la historia de Puerto Rico no solo atraer\u00e1 a turistas, sino que tambi\u00e9n fortalecer\u00e1 el sentido de identidad y orgullo entre la poblaci\u00f3n.<\/p>\n<p>A medida que la industria reflexiona sobre la salida de Brad Dean, tambi\u00e9n es un momento propicio para considerar nuevas direcciones y alianzas estrat\u00e9gicas que permitan revitalizar el turismo en la isla. Los l\u00edderes de la industria tienen la oportunidad de aprovechar este cambio para fomentar una visi\u00f3n renovada que considere a Puerto Rico no solo como un lugar de paso, sino como un destino donde cada visitante puede sumergirse en experiencias \u00fanicas y memorables.<\/p>\n<p>La comunidad tur\u00edstica y los ciudadanos de Puerto Rico tienen en sus manos la posibilidad de reimaginar el futuro del turismo en la isla. Con una colaboraci\u00f3n efectiva, una visi\u00f3n clara y un compromiso hacia la sostenibilidad, Puerto Rico puede no solo recuperarse, sino tambi\u00e9n elevarse como un referente tur\u00edstico en el Caribe. En este contexto de incertidumbre, el momento de actuar es ahora, y cada voz cuenta en la construcci\u00f3n del camino hacia un nuevo horizonte.<\/p>\n<p><em> &#8221; Sources www.elnuevodia.com &#8221; <\/em><\/p>\n<p><em> &#8221; Sources www.elnuevodia.com &#8221; <\/em><\/p>\n","protected":false},"excerpt":{"rendered":"<p>Reflexiones sobre el futuro del turismo en Puerto Rico: Un cambio en la direcci\u00f3n La industria tur\u00edstica de Puerto Rico atraviesa un momento de transformaci\u00f3n y reflexi\u00f3n. Recientemente, la renuncia de Brad Dean, director ejecutivo de la Compa\u00f1\u00eda de Turismo de Puerto Rico, ha suscitado diversas reacciones y una profunda preocupaci\u00f3n por el rumbo que [&hellip;]<\/p>\n","protected":false},"author":4,"featured_media":912184,"comment_status":"open","ping_status":"closed","sticky":false,"template":"","format":"standard","meta":{"om_disable_all_campaigns":false,"jnews-multi-image_gallery":[],"jnews_single_post":[],"jnews_primary_category":[],"jnews_social_meta":[],"footnotes":""},"categories":[40],"tags":[49365,1159,11218,47564,1296,67758,19666,544],"class_list":["post-912179","post","type-post","status-publish","format-standard","has-post-thumbnail","hentry","category-industria","tag-brad-dean","tag-defensa","tag-dmo","tag-entidad","tag-industria-turistica","tag-permanencia","tag-renuncia","tag-turismo"],"_links":{"self":[{"href":"https:\/\/dimensionturistica.com\/es\/wp-json\/wp\/v2\/posts\/912179","targetHints":{"allow":["GET"]}}],"collection":[{"href":"https:\/\/dimensionturistica.com\/es\/wp-json\/wp\/v2\/posts"}],"about":[{"href":"https:\/\/dimensionturistica.com\/es\/wp-json\/wp\/v2\/types\/post"}],"author":[{"embeddable":true,"href":"https:\/\/dimensionturistica.com\/es\/wp-json\/wp\/v2\/users\/4"}],"replies":[{"embeddable":true,"href":"https:\/\/dimensionturistica.com\/es\/wp-json\/wp\/v2\/comments?post=912179"}],"version-history":[{"count":0,"href":"https:\/\/dimensionturistica.com\/es\/wp-json\/wp\/v2\/posts\/912179\/revisions"}],"wp:featuredmedia":[{"embeddable":true,"href":"https:\/\/dimensionturistica.com\/es\/wp-json\/wp\/v2\/media\/912184"}],"wp:attachment":[{"href":"https:\/\/dimensionturistica.com\/es\/wp-json\/wp\/v2\/media?parent=912179"}],"wp:term":[{"taxonomy":"category","embeddable":true,"href":"https:\/\/dimensionturistica.com\/es\/wp-json\/wp\/v2\/categories?post=912179"},{"taxonomy":"post_tag","embeddable":true,"href":"https:\/\/dimensionturistica.com\/es\/wp-json\/wp\/v2\/tags?post=912179"}],"curies":[{"name":"wp","href":"https:\/\/api.w.org\/{rel}","templated":true}]}}